{"id":9141,"date":"2014-01-13T08:35:32","date_gmt":"2014-01-13T11:35:32","guid":{"rendered":"http:\/\/www.bibliotecadeseguranca.com.br\/fr\/?p=9141"},"modified":"2014-02-05T21:52:29","modified_gmt":"2014-02-06T00:52:29","slug":"o-ministerio-publico-na-investigacao-criminal","status":"publish","type":"post","link":"https:\/\/www.bibliotecadeseguranca.com.br\/fr\/livros\/o-ministerio-publico-na-investigacao-criminal\/","title":{"rendered":"O Minist\u00e9rio P\u00fablico na Investiga\u00e7\u00e3o Criminal"},"content":{"rendered":"<p><strong><img loading=\"lazy\" decoding=\"async\" class=\"alignleft size-full wp-image-9142\" alt=\"O Minist\u00e9rio P\u00fablico na Investiga\u00e7\u00e3o Criminal\" src=\"http:\/\/www.bibliotecadeseguranca.com.br\/fr\/wp-content\/uploads\/2014\/01\/o-ministerio-publico-na-investigacao-criminal.jpg\" width=\"145\" height=\"204\" srcset=\"https:\/\/www.bibliotecadeseguranca.com.br\/fr\/wp-content\/uploads\/2014\/01\/o-ministerio-publico-na-investigacao-criminal.jpg 145w, https:\/\/www.bibliotecadeseguranca.com.br\/fr\/wp-content\/uploads\/2014\/01\/o-ministerio-publico-na-investigacao-criminal-106x150.jpg 106w\" sizes=\"auto, (max-width: 145px) 100vw, 145px\" \/><span style=\"color: #003366;\">Valter Foleto Santin<\/span><\/strong><\/p>\n<p><span style=\"color: #003366;\"><strong>Editor Edipro<\/strong><\/span><\/p>\n<p><span style=\"color: #003366;\"><strong>Descripci\u00f3n:<\/strong><\/span> Este livro trata da investiga\u00e7\u00e3o criminal em todos os seus aspectos. Tamb\u00e9m s\u00e3o abordados os processos de procedimento administrativo, o sigilo, o contradit\u00f3rio e a ampla defesa na fase investigat\u00f3ria, o controle externo da pol\u00edcia e os sistemas processuais.<\/p>\n","protected":false},"excerpt":{"rendered":"<p>Valter Foleto Santin Editor Edipro Descripci\u00f3n: Este livro trata da investiga\u00e7\u00e3o criminal em todos os seus aspectos. Tamb\u00e9m s\u00e3o abordados os processos de procedimento administrativo, o sigilo, o contradit\u00f3rio e a ampla defesa na fase investigat\u00f3ria, o controle externo da pol\u00edcia e os sistemas processuais.<\/p>\n","protected":false},"author":3,"featured_media":9142,"comment_status":"open","ping_status":"closed","sticky":false,"template":"","format":"standard","meta":{"footnotes":""},"categories":[10,15,6,25],"tags":[],"class_list":["post-9141","post","type-post","status-publish","format-standard","has-post-thumbnail","hentry","category-crime-violencia-e-criminologia","category-fraude-e-investigacao","category-livros","category-seguranca-publica-e-defesa"],"views":336,"_links":{"self":[{"href":"https:\/\/www.bibliotecadeseguranca.com.br\/fr\/wp-json\/wp\/v2\/posts\/9141","targetHints":{"allow":["GET"]}}],"collection":[{"href":"https:\/\/www.bibliotecadeseguranca.com.br\/fr\/wp-json\/wp\/v2\/posts"}],"about":[{"href":"https:\/\/www.bibliotecadeseguranca.com.br\/fr\/wp-json\/wp\/v2\/types\/post"}],"author":[{"embeddable":true,"href":"https:\/\/www.bibliotecadeseguranca.com.br\/fr\/wp-json\/wp\/v2\/users\/3"}],"replies":[{"embeddable":true,"href":"https:\/\/www.bibliotecadeseguranca.com.br\/fr\/wp-json\/wp\/v2\/comments?post=9141"}],"version-history":[{"count":2,"href":"https:\/\/www.bibliotecadeseguranca.com.br\/fr\/wp-json\/wp\/v2\/posts\/9141\/revisions"}],"predecessor-version":[{"id":10228,"href":"https:\/\/www.bibliotecadeseguranca.com.br\/fr\/wp-json\/wp\/v2\/posts\/9141\/revisions\/10228"}],"wp:featuredmedia":[{"embeddable":true,"href":"https:\/\/www.bibliotecadeseguranca.com.br\/fr\/wp-json\/wp\/v2\/media\/9142"}],"wp:attachment":[{"href":"https:\/\/www.bibliotecadeseguranca.com.br\/fr\/wp-json\/wp\/v2\/media?parent=9141"}],"wp:term":[{"taxonomy":"category","embeddable":true,"href":"https:\/\/www.bibliotecadeseguranca.com.br\/fr\/wp-json\/wp\/v2\/categories?post=9141"},{"taxonomy":"post_tag","embeddable":true,"href":"https:\/\/www.bibliotecadeseguranca.com.br\/fr\/wp-json\/wp\/v2\/tags?post=9141"}],"curies":[{"name":"wp","href":"https:\/\/api.w.org\/{rel}","templated":true}]}}