{"id":9131,"date":"2014-01-10T08:30:19","date_gmt":"2014-01-10T11:30:19","guid":{"rendered":"http:\/\/www.bibliotecadeseguranca.com.br\/fr\/?p=9131"},"modified":"2014-02-05T21:53:34","modified_gmt":"2014-02-06T00:53:34","slug":"crime-organizado-medidas-de-controle-e-infiltracao","status":"publish","type":"post","link":"https:\/\/www.bibliotecadeseguranca.com.br\/fr\/livros\/crime-organizado-medidas-de-controle-e-infiltracao\/","title":{"rendered":"Crime Organizado &#8211; Medidas de Controle e Infiltra\u00e7\u00e3o"},"content":{"rendered":"<p><strong><img loading=\"lazy\" decoding=\"async\" class=\"alignleft size-full wp-image-9132\" alt=\"Crime Organizado - Medidas de Controle e Infiltra\u00e7\u00e3o\" src=\"http:\/\/www.bibliotecadeseguranca.com.br\/fr\/wp-content\/uploads\/2014\/01\/crime-organizado-medidas-de-controle-e-infiltracao.jpg\" width=\"145\" height=\"204\" srcset=\"https:\/\/www.bibliotecadeseguranca.com.br\/fr\/wp-content\/uploads\/2014\/01\/crime-organizado-medidas-de-controle-e-infiltracao.jpg 145w, https:\/\/www.bibliotecadeseguranca.com.br\/fr\/wp-content\/uploads\/2014\/01\/crime-organizado-medidas-de-controle-e-infiltracao-106x150.jpg 106w\" sizes=\"auto, (max-width: 145px) 100vw, 145px\" \/><span style=\"color: #003366;\">Rafael Pacheco<\/span><\/strong><\/p>\n<p><span style=\"color: #003366;\"><strong>Editor Juru\u00e1<\/strong><\/span><\/p>\n<p><span style=\"color: #003366;\"><strong>Descripci\u00f3n:<\/strong><\/span> Durante muitos anos o crime organizado foi abordado exaustivamente em produ\u00e7\u00f5es cinematogr\u00e1ficas e, em terras brasileiras, a id\u00e9ia de que pudesse por aqui existir s\u00f3 mudou diante das not\u00edcias di\u00e1rias sobre o tr\u00e1fico internacional de drogas e as redes de prostitui\u00e7\u00e3o e imigra\u00e7\u00e3o ilegal. Este livro foi concebido para prover ao leitor um entendimento em rela\u00e7\u00e3o ao crime organizado como fen\u00f4meno contempor\u00e2neo \u00e0 luz da legisla\u00e7\u00e3o p\u00e1tria em vigor e da reflex\u00e3o de v\u00e1rios pensadores do Direito. Tamb\u00e9m descreve a tend\u00eancia brasileira em apelar ao Direito Penal, de forma equivocada, como medida quase \u00fanica de controle desta atividade criminosa sem a salutar integra\u00e7\u00e3o do Direito com outros ramos do saber. Inclui, por fim, uma analise do mais recente instrumento de investiga\u00e7\u00e3o e forma\u00e7\u00e3o de prova no Brasil, \u00e0 infiltra\u00e7\u00e3o de agentes policiais, abordando problemas de ordem jur\u00eddica quanto \u00e0 aplica\u00e7\u00e3o da norma, \u00e0 responsabilidade do agente e \u00e0 valora\u00e7\u00e3o das provas por ele obtidas.<\/p>\n","protected":false},"excerpt":{"rendered":"<p>Rafael Pacheco Editor Juru\u00e1 Descripci\u00f3n: Durante muitos anos o crime organizado foi abordado exaustivamente em produ\u00e7\u00f5es cinematogr\u00e1ficas e, em terras brasileiras, a id\u00e9ia de que pudesse por aqui existir s\u00f3 mudou diante das not\u00edcias di\u00e1rias sobre o tr\u00e1fico internacional de drogas e as redes de prostitui\u00e7\u00e3o e imigra\u00e7\u00e3o ilegal. Este livro foi concebido para prover ao leitor um entendimento em rela\u00e7\u00e3o ao crime organizado como fen\u00f4meno contempor\u00e2neo \u00e0 luz da&hellip; <\/p>\n","protected":false},"author":3,"featured_media":9132,"comment_status":"open","ping_status":"closed","sticky":false,"template":"","format":"standard","meta":{"footnotes":""},"categories":[10,6,25],"tags":[],"class_list":["post-9131","post","type-post","status-publish","format-standard","has-post-thumbnail","hentry","category-crime-violencia-e-criminologia","category-livros","category-seguranca-publica-e-defesa"],"views":354,"_links":{"self":[{"href":"https:\/\/www.bibliotecadeseguranca.com.br\/fr\/wp-json\/wp\/v2\/posts\/9131","targetHints":{"allow":["GET"]}}],"collection":[{"href":"https:\/\/www.bibliotecadeseguranca.com.br\/fr\/wp-json\/wp\/v2\/posts"}],"about":[{"href":"https:\/\/www.bibliotecadeseguranca.com.br\/fr\/wp-json\/wp\/v2\/types\/post"}],"author":[{"embeddable":true,"href":"https:\/\/www.bibliotecadeseguranca.com.br\/fr\/wp-json\/wp\/v2\/users\/3"}],"replies":[{"embeddable":true,"href":"https:\/\/www.bibliotecadeseguranca.com.br\/fr\/wp-json\/wp\/v2\/comments?post=9131"}],"version-history":[{"count":2,"href":"https:\/\/www.bibliotecadeseguranca.com.br\/fr\/wp-json\/wp\/v2\/posts\/9131\/revisions"}],"predecessor-version":[{"id":10225,"href":"https:\/\/www.bibliotecadeseguranca.com.br\/fr\/wp-json\/wp\/v2\/posts\/9131\/revisions\/10225"}],"wp:featuredmedia":[{"embeddable":true,"href":"https:\/\/www.bibliotecadeseguranca.com.br\/fr\/wp-json\/wp\/v2\/media\/9132"}],"wp:attachment":[{"href":"https:\/\/www.bibliotecadeseguranca.com.br\/fr\/wp-json\/wp\/v2\/media?parent=9131"}],"wp:term":[{"taxonomy":"category","embeddable":true,"href":"https:\/\/www.bibliotecadeseguranca.com.br\/fr\/wp-json\/wp\/v2\/categories?post=9131"},{"taxonomy":"post_tag","embeddable":true,"href":"https:\/\/www.bibliotecadeseguranca.com.br\/fr\/wp-json\/wp\/v2\/tags?post=9131"}],"curies":[{"name":"wp","href":"https:\/\/api.w.org\/{rel}","templated":true}]}}