{"id":9125,"date":"2014-01-08T08:29:39","date_gmt":"2014-01-08T11:29:39","guid":{"rendered":"http:\/\/www.bibliotecadeseguranca.com.br\/fr\/?p=9125"},"modified":"2014-02-05T21:54:14","modified_gmt":"2014-02-06T00:54:14","slug":"video-surveillance-ou-video-protection","status":"publish","type":"post","link":"https:\/\/www.bibliotecadeseguranca.com.br\/fr\/livros\/video-surveillance-ou-video-protection\/","title":{"rendered":"Vid\u00e9o-surveillance ou vid\u00e9o-protection?"},"content":{"rendered":"<p><strong><img loading=\"lazy\" decoding=\"async\" class=\"alignleft size-full wp-image-9126\" alt=\"Vid\u00e9o-surveillance ou vid\u00e9o-protection?\" src=\"http:\/\/www.bibliotecadeseguranca.com.br\/fr\/wp-content\/uploads\/2014\/01\/video-surveillance-ou-video-protection.jpg\" width=\"145\" height=\"217\" srcset=\"https:\/\/www.bibliotecadeseguranca.com.br\/fr\/wp-content\/uploads\/2014\/01\/video-surveillance-ou-video-protection.jpg 145w, https:\/\/www.bibliotecadeseguranca.com.br\/fr\/wp-content\/uploads\/2014\/01\/video-surveillance-ou-video-protection-100x150.jpg 100w\" sizes=\"auto, (max-width: 145px) 100vw, 145px\" \/><span style=\"color: #003366;\">J\u00e9r\u00f4me Dallaserra<\/span><\/strong><\/p>\n<p><span style=\"color: #003366;\"><strong>Editor Le Muscadier<\/strong><\/span><\/p>\n<p><span style=\"color: #003366;\"><strong>Descripci\u00f3n:<\/strong><\/span> 60 000 cam\u00e9ras \u00e0 la fin 2012 : tel est l objectif fix\u00e9 par le gouvernement fran\u00e7ais en 2010. Si ce chiffre a tr\u00e8s peu de chances d \u00eatre atteint, force est de constater que les dispositifs de vid\u00e9osurveillance se sont multipli\u00e9s ces derni\u00e8res ann\u00e9es. Mais est-ce vraiment un probl\u00e8me ? Ne s agit-il pas au contraire d une opportunit\u00e9 pour am\u00e9liorer notre s\u00e9curit\u00e9 ? Telle est la vision de certains. Pour d autres, les b\u00e9n\u00e9fices ne sont pas av\u00e9r\u00e9s, et les effets n\u00e9gatifs pourraient m\u00eame \u00eatre dominants. Plong\u00e9 au c ur de cette opposition, chacun pourra juger de la pertinence \u00e9conomique, sociale et \u00e9thique de ces dispositifs. \u00c0 vous, ensuite, de vous forger votre propre opinion.<\/p>\n","protected":false},"excerpt":{"rendered":"<p>J\u00e9r\u00f4me Dallaserra Editor Le Muscadier Descripci\u00f3n: 60 000 cam\u00e9ras \u00e0 la fin 2012 : tel est l objectif fix\u00e9 par le gouvernement fran\u00e7ais en 2010. Si ce chiffre a tr\u00e8s peu de chances d \u00eatre atteint, force est de constater que les dispositifs de vid\u00e9osurveillance se sont multipli\u00e9s ces derni\u00e8res ann\u00e9es. Mais est-ce vraiment un probl\u00e8me ? Ne s agit-il pas au contraire d une opportunit\u00e9 pour am\u00e9liorer notre s\u00e9curit\u00e9&hellip; <\/p>\n","protected":false},"author":3,"featured_media":9126,"comment_status":"open","ping_status":"closed","sticky":false,"template":"","format":"standard","meta":{"footnotes":""},"categories":[109,23,6,22,25],"tags":[],"class_list":["post-9125","post","type-post","status-publish","format-standard","has-post-thumbnail","hentry","category-francais","category-gestao-da-seguranca-empresarial","category-livros","category-seguranca-eletronica","category-seguranca-publica-e-defesa"],"views":297,"_links":{"self":[{"href":"https:\/\/www.bibliotecadeseguranca.com.br\/fr\/wp-json\/wp\/v2\/posts\/9125","targetHints":{"allow":["GET"]}}],"collection":[{"href":"https:\/\/www.bibliotecadeseguranca.com.br\/fr\/wp-json\/wp\/v2\/posts"}],"about":[{"href":"https:\/\/www.bibliotecadeseguranca.com.br\/fr\/wp-json\/wp\/v2\/types\/post"}],"author":[{"embeddable":true,"href":"https:\/\/www.bibliotecadeseguranca.com.br\/fr\/wp-json\/wp\/v2\/users\/3"}],"replies":[{"embeddable":true,"href":"https:\/\/www.bibliotecadeseguranca.com.br\/fr\/wp-json\/wp\/v2\/comments?post=9125"}],"version-history":[{"count":2,"href":"https:\/\/www.bibliotecadeseguranca.com.br\/fr\/wp-json\/wp\/v2\/posts\/9125\/revisions"}],"predecessor-version":[{"id":10223,"href":"https:\/\/www.bibliotecadeseguranca.com.br\/fr\/wp-json\/wp\/v2\/posts\/9125\/revisions\/10223"}],"wp:featuredmedia":[{"embeddable":true,"href":"https:\/\/www.bibliotecadeseguranca.com.br\/fr\/wp-json\/wp\/v2\/media\/9126"}],"wp:attachment":[{"href":"https:\/\/www.bibliotecadeseguranca.com.br\/fr\/wp-json\/wp\/v2\/media?parent=9125"}],"wp:term":[{"taxonomy":"category","embeddable":true,"href":"https:\/\/www.bibliotecadeseguranca.com.br\/fr\/wp-json\/wp\/v2\/categories?post=9125"},{"taxonomy":"post_tag","embeddable":true,"href":"https:\/\/www.bibliotecadeseguranca.com.br\/fr\/wp-json\/wp\/v2\/tags?post=9125"}],"curies":[{"name":"wp","href":"https:\/\/api.w.org\/{rel}","templated":true}]}}