{"id":9122,"date":"2014-01-07T08:29:47","date_gmt":"2014-01-07T11:29:47","guid":{"rendered":"http:\/\/www.bibliotecadeseguranca.com.br\/fr\/?p=9122"},"modified":"2014-02-05T21:54:37","modified_gmt":"2014-02-06T00:54:37","slug":"o-conhecimento-em-acao","status":"publish","type":"post","link":"https:\/\/www.bibliotecadeseguranca.com.br\/fr\/livros\/o-conhecimento-em-acao\/","title":{"rendered":"O Conhecimento em A\u00e7\u00e3o"},"content":{"rendered":"<p><strong><img loading=\"lazy\" decoding=\"async\" class=\"alignleft size-full wp-image-9123\" alt=\"O Conhecimento em A\u00e7\u00e3o\" src=\"http:\/\/www.bibliotecadeseguranca.com.br\/fr\/wp-content\/uploads\/2014\/01\/o-conhecimento-em-acao.jpg\" width=\"145\" height=\"203\" srcset=\"https:\/\/www.bibliotecadeseguranca.com.br\/fr\/wp-content\/uploads\/2014\/01\/o-conhecimento-em-acao.jpg 145w, https:\/\/www.bibliotecadeseguranca.com.br\/fr\/wp-content\/uploads\/2014\/01\/o-conhecimento-em-acao-107x150.jpg 107w\" sizes=\"auto, (max-width: 145px) 100vw, 145px\" \/><span style=\"color: #003366;\">Rog\u00e9rio Valle<\/span><\/strong><\/p>\n<p><span style=\"color: #003366;\"><strong>Editor Relume Dumar\u00e1<\/strong><\/span><\/p>\n<p><span style=\"color: #003366;\"><strong>Descripci\u00f3n:<\/strong><\/span> \u00c9 o resultado de oito anos de pesquisa do SAGE &#8211; Laborat\u00f3rio de Sistemas Avan\u00e7ados de Gest\u00e3o da Produ\u00e7\u00e3o, da Coppe\/UFRJ &#8211; acerca das qualifica\u00e7\u00f5es e compet\u00eancias para o trabalho em empresas &#8220;reestruturadas&#8221; durante os anos 90. O ponto de partida foi uma investiga\u00e7\u00e3o intensa, envolvendo quatros setores industriais, onde puderam ser desenvolvidos estudos de caso, que servem para que sejam discutidos novos conceitos e abordagens para o estudo das compet\u00eancias.<\/p>\n<p>Com este trabalho, os pesquisadores p\u00f5em em retrospectiva os pr\u00f3prios conceitos de qualifica\u00e7\u00e3o e de compet\u00eancia, importantes para o desenvolvimento de novos modelos de compet\u00eancia que possam ser implantados e que acompanhem as transforma\u00e7\u00f5es da cultura interna das empresas. Demonstra que um conceito de compet\u00eancia como capacidade de autoconsci\u00eancia intersubjetiva nas intera\u00e7\u00f5es pessoais e coletivas com o mundo \u00e9 poss\u00edvel e eficiente.<\/p>\n","protected":false},"excerpt":{"rendered":"<p>Rog\u00e9rio Valle Editor Relume Dumar\u00e1 Descripci\u00f3n: \u00c9 o resultado de oito anos de pesquisa do SAGE &#8211; Laborat\u00f3rio de Sistemas Avan\u00e7ados de Gest\u00e3o da Produ\u00e7\u00e3o, da Coppe\/UFRJ &#8211; acerca das qualifica\u00e7\u00f5es e compet\u00eancias para o trabalho em empresas &#8220;reestruturadas&#8221; durante os anos 90. O ponto de partida foi uma investiga\u00e7\u00e3o intensa, envolvendo quatros setores industriais, onde puderam ser desenvolvidos estudos de caso, que servem para que sejam discutidos novos conceitos&hellip; <\/p>\n","protected":false},"author":3,"featured_media":9123,"comment_status":"open","ping_status":"closed","sticky":false,"template":"","format":"standard","meta":{"footnotes":""},"categories":[14,30,6],"tags":[],"class_list":["post-9122","post","type-post","status-publish","format-standard","has-post-thumbnail","hentry","category-administracao-e-estrategia-empresarial","category-espionagem-e-inteligencia-competitiva","category-livros"],"views":449,"_links":{"self":[{"href":"https:\/\/www.bibliotecadeseguranca.com.br\/fr\/wp-json\/wp\/v2\/posts\/9122","targetHints":{"allow":["GET"]}}],"collection":[{"href":"https:\/\/www.bibliotecadeseguranca.com.br\/fr\/wp-json\/wp\/v2\/posts"}],"about":[{"href":"https:\/\/www.bibliotecadeseguranca.com.br\/fr\/wp-json\/wp\/v2\/types\/post"}],"author":[{"embeddable":true,"href":"https:\/\/www.bibliotecadeseguranca.com.br\/fr\/wp-json\/wp\/v2\/users\/3"}],"replies":[{"embeddable":true,"href":"https:\/\/www.bibliotecadeseguranca.com.br\/fr\/wp-json\/wp\/v2\/comments?post=9122"}],"version-history":[{"count":2,"href":"https:\/\/www.bibliotecadeseguranca.com.br\/fr\/wp-json\/wp\/v2\/posts\/9122\/revisions"}],"predecessor-version":[{"id":10222,"href":"https:\/\/www.bibliotecadeseguranca.com.br\/fr\/wp-json\/wp\/v2\/posts\/9122\/revisions\/10222"}],"wp:featuredmedia":[{"embeddable":true,"href":"https:\/\/www.bibliotecadeseguranca.com.br\/fr\/wp-json\/wp\/v2\/media\/9123"}],"wp:attachment":[{"href":"https:\/\/www.bibliotecadeseguranca.com.br\/fr\/wp-json\/wp\/v2\/media?parent=9122"}],"wp:term":[{"taxonomy":"category","embeddable":true,"href":"https:\/\/www.bibliotecadeseguranca.com.br\/fr\/wp-json\/wp\/v2\/categories?post=9122"},{"taxonomy":"post_tag","embeddable":true,"href":"https:\/\/www.bibliotecadeseguranca.com.br\/fr\/wp-json\/wp\/v2\/tags?post=9122"}],"curies":[{"name":"wp","href":"https:\/\/api.w.org\/{rel}","templated":true}]}}