{"id":9102,"date":"2013-12-27T10:35:25","date_gmt":"2013-12-27T13:35:25","guid":{"rendered":"http:\/\/www.bibliotecadeseguranca.com.br\/fr\/?p=9102"},"modified":"2014-02-05T21:56:59","modified_gmt":"2014-02-06T00:56:59","slug":"entre-a-lei-e-a-ordem","status":"publish","type":"post","link":"https:\/\/www.bibliotecadeseguranca.com.br\/fr\/livros\/entre-a-lei-e-a-ordem\/","title":{"rendered":"Entre a Lei e a Ordem"},"content":{"rendered":"<p><strong><img loading=\"lazy\" decoding=\"async\" class=\"alignleft size-full wp-image-9103\" alt=\"Entre a Lei e a Ordem\" src=\"http:\/\/www.bibliotecadeseguranca.com.br\/fr\/wp-content\/uploads\/2013\/12\/entre-a-lei-e-a-ordem.jpg\" width=\"145\" height=\"200\" srcset=\"https:\/\/www.bibliotecadeseguranca.com.br\/fr\/wp-content\/uploads\/2013\/12\/entre-a-lei-e-a-ordem.jpg 145w, https:\/\/www.bibliotecadeseguranca.com.br\/fr\/wp-content\/uploads\/2013\/12\/entre-a-lei-e-a-ordem-108x150.jpg 108w\" sizes=\"auto, (max-width: 145px) 100vw, 145px\" \/><span style=\"color: #003366;\">Arthur Trindade Maranh\u00e3o Costa<\/span><\/strong><\/p>\n<p><span style=\"color: #003366;\"><strong>Editor FGV<\/strong><\/span><\/p>\n<p><span style=\"color: #003366;\"><strong>Descripci\u00f3n:<\/strong><\/span> A obra analisa as pol\u00edcias do Rio de Janeiro e de Nova York, seu relacionamento com a sociedade e os respectivos processos de reforma. E mostra como diferentes combina\u00e7\u00f5es entre a sociedade civil, a sociedade pol\u00edtica e as pol\u00edcias podem favorecer ou dificultar a ado\u00e7\u00e3o desses mecanismos.<\/p>\n","protected":false},"excerpt":{"rendered":"<p>Arthur Trindade Maranh\u00e3o Costa Editor FGV Descripci\u00f3n: A obra analisa as pol\u00edcias do Rio de Janeiro e de Nova York, seu relacionamento com a sociedade e os respectivos processos de reforma. E mostra como diferentes combina\u00e7\u00f5es entre a sociedade civil, a sociedade pol\u00edtica e as pol\u00edcias podem favorecer ou dificultar a ado\u00e7\u00e3o desses mecanismos.<\/p>\n","protected":false},"author":3,"featured_media":9103,"comment_status":"open","ping_status":"closed","sticky":false,"template":"","format":"standard","meta":{"footnotes":""},"categories":[6,25],"tags":[],"class_list":["post-9102","post","type-post","status-publish","format-standard","has-post-thumbnail","hentry","category-livros","category-seguranca-publica-e-defesa"],"views":270,"_links":{"self":[{"href":"https:\/\/www.bibliotecadeseguranca.com.br\/fr\/wp-json\/wp\/v2\/posts\/9102","targetHints":{"allow":["GET"]}}],"collection":[{"href":"https:\/\/www.bibliotecadeseguranca.com.br\/fr\/wp-json\/wp\/v2\/posts"}],"about":[{"href":"https:\/\/www.bibliotecadeseguranca.com.br\/fr\/wp-json\/wp\/v2\/types\/post"}],"author":[{"embeddable":true,"href":"https:\/\/www.bibliotecadeseguranca.com.br\/fr\/wp-json\/wp\/v2\/users\/3"}],"replies":[{"embeddable":true,"href":"https:\/\/www.bibliotecadeseguranca.com.br\/fr\/wp-json\/wp\/v2\/comments?post=9102"}],"version-history":[{"count":2,"href":"https:\/\/www.bibliotecadeseguranca.com.br\/fr\/wp-json\/wp\/v2\/posts\/9102\/revisions"}],"predecessor-version":[{"id":10216,"href":"https:\/\/www.bibliotecadeseguranca.com.br\/fr\/wp-json\/wp\/v2\/posts\/9102\/revisions\/10216"}],"wp:featuredmedia":[{"embeddable":true,"href":"https:\/\/www.bibliotecadeseguranca.com.br\/fr\/wp-json\/wp\/v2\/media\/9103"}],"wp:attachment":[{"href":"https:\/\/www.bibliotecadeseguranca.com.br\/fr\/wp-json\/wp\/v2\/media?parent=9102"}],"wp:term":[{"taxonomy":"category","embeddable":true,"href":"https:\/\/www.bibliotecadeseguranca.com.br\/fr\/wp-json\/wp\/v2\/categories?post=9102"},{"taxonomy":"post_tag","embeddable":true,"href":"https:\/\/www.bibliotecadeseguranca.com.br\/fr\/wp-json\/wp\/v2\/tags?post=9102"}],"curies":[{"name":"wp","href":"https:\/\/api.w.org\/{rel}","templated":true}]}}