{"id":9099,"date":"2013-12-25T10:29:08","date_gmt":"2013-12-25T13:29:08","guid":{"rendered":"http:\/\/www.bibliotecadeseguranca.com.br\/fr\/?p=9099"},"modified":"2014-02-05T21:57:17","modified_gmt":"2014-02-06T00:57:17","slug":"tecnologia-da-informacao-e-gestao-do-conhecimento","status":"publish","type":"post","link":"https:\/\/www.bibliotecadeseguranca.com.br\/fr\/livros\/tecnologia-da-informacao-e-gestao-do-conhecimento\/","title":{"rendered":"Tecnologia da Informa\u00e7\u00e3o e Gest\u00e3o do Conhecimento"},"content":{"rendered":"<p><strong><img loading=\"lazy\" decoding=\"async\" class=\"alignleft size-full wp-image-9100\" alt=\"Tecnologia da Informa\u00e7\u00e3o e Gest\u00e3o do Conhecimento\" src=\"http:\/\/www.bibliotecadeseguranca.com.br\/fr\/wp-content\/uploads\/2013\/12\/tecnologia-da-informacao-e-gestao-do-conhecimento.jpg\" width=\"145\" height=\"220\" srcset=\"https:\/\/www.bibliotecadeseguranca.com.br\/fr\/wp-content\/uploads\/2013\/12\/tecnologia-da-informacao-e-gestao-do-conhecimento.jpg 145w, https:\/\/www.bibliotecadeseguranca.com.br\/fr\/wp-content\/uploads\/2013\/12\/tecnologia-da-informacao-e-gestao-do-conhecimento-98x150.jpg 98w\" sizes=\"auto, (max-width: 145px) 100vw, 145px\" \/><span style=\"color: #003366;\">C\u00e2ndido Ferreira da Silva Filho, Lucas Fraz\u00e3o Silva<\/span><\/strong><\/p>\n<p><span style=\"color: #003366;\"><strong>Editor Al\u00ednea<\/strong><\/span><\/p>\n<p><span style=\"color: #003366;\"><strong>Descripci\u00f3n:<\/strong><\/span> O conhecimento \u00e9 a maior das riquezas das organiza\u00e7\u00f5es, uma vez que possibilita a tomada de decis\u00f5es mais precisas, inteligentes e criativas, promovendo o aumento da competitividade e, por conseq\u00fc\u00eancia, o desempenho das organiza\u00e7\u00f5es.<\/p>\n<p>Apesar de o conhecimento ser propriedade individual, deve ser compartilhado, agregando valor \u00c0s tarefas daqueles que o det\u00eam e, ainda, contribuindo para a maximiza\u00e7\u00e3o dos resultados da organiza\u00e7\u00e3o.<\/p>\n<p>Dentre os maiores desafios dos gestores, est\u00e1 o de promover a dissemina\u00e7\u00e3o e o compartilhamento do conhecimento por toda a organiza\u00e7\u00e3o. Numa vis\u00e3o pragm\u00e1tica, interessa saber como se ter a informa\u00e7\u00e3o dispon\u00edvel no momento em que se faz necess\u00e1ria, no lugar certo, no contexto correto e na forma correta para a tomada de decis\u00f5es.<\/p>\n<p>Considerando que a gest\u00e3o competente do conhecimento \u00e9 fundamental para o sucesso das organiza\u00e7\u00f5es, neste livro, estamos interessados em apresentar m\u00e9todos de organiza\u00e7\u00e3o e distribui\u00e7\u00e3o do conhecimento.<\/p>\n","protected":false},"excerpt":{"rendered":"<p>C\u00e2ndido Ferreira da Silva Filho, Lucas Fraz\u00e3o Silva Editor Al\u00ednea Descripci\u00f3n: O conhecimento \u00e9 a maior das riquezas das organiza\u00e7\u00f5es, uma vez que possibilita a tomada de decis\u00f5es mais precisas, inteligentes e criativas, promovendo o aumento da competitividade e, por conseq\u00fc\u00eancia, o desempenho das organiza\u00e7\u00f5es. Apesar de o conhecimento ser propriedade individual, deve ser compartilhado, agregando valor \u00c0s tarefas daqueles que o det\u00eam e, ainda, contribuindo para a maximiza\u00e7\u00e3o dos&hellip; <\/p>\n","protected":false},"author":3,"featured_media":9100,"comment_status":"open","ping_status":"closed","sticky":false,"template":"","format":"standard","meta":{"footnotes":""},"categories":[30,6,20],"tags":[],"class_list":["post-9099","post","type-post","status-publish","format-standard","has-post-thumbnail","hentry","category-espionagem-e-inteligencia-competitiva","category-livros","category-seguranca-da-informacao"],"views":248,"_links":{"self":[{"href":"https:\/\/www.bibliotecadeseguranca.com.br\/fr\/wp-json\/wp\/v2\/posts\/9099","targetHints":{"allow":["GET"]}}],"collection":[{"href":"https:\/\/www.bibliotecadeseguranca.com.br\/fr\/wp-json\/wp\/v2\/posts"}],"about":[{"href":"https:\/\/www.bibliotecadeseguranca.com.br\/fr\/wp-json\/wp\/v2\/types\/post"}],"author":[{"embeddable":true,"href":"https:\/\/www.bibliotecadeseguranca.com.br\/fr\/wp-json\/wp\/v2\/users\/3"}],"replies":[{"embeddable":true,"href":"https:\/\/www.bibliotecadeseguranca.com.br\/fr\/wp-json\/wp\/v2\/comments?post=9099"}],"version-history":[{"count":2,"href":"https:\/\/www.bibliotecadeseguranca.com.br\/fr\/wp-json\/wp\/v2\/posts\/9099\/revisions"}],"predecessor-version":[{"id":10215,"href":"https:\/\/www.bibliotecadeseguranca.com.br\/fr\/wp-json\/wp\/v2\/posts\/9099\/revisions\/10215"}],"wp:featuredmedia":[{"embeddable":true,"href":"https:\/\/www.bibliotecadeseguranca.com.br\/fr\/wp-json\/wp\/v2\/media\/9100"}],"wp:attachment":[{"href":"https:\/\/www.bibliotecadeseguranca.com.br\/fr\/wp-json\/wp\/v2\/media?parent=9099"}],"wp:term":[{"taxonomy":"category","embeddable":true,"href":"https:\/\/www.bibliotecadeseguranca.com.br\/fr\/wp-json\/wp\/v2\/categories?post=9099"},{"taxonomy":"post_tag","embeddable":true,"href":"https:\/\/www.bibliotecadeseguranca.com.br\/fr\/wp-json\/wp\/v2\/tags?post=9099"}],"curies":[{"name":"wp","href":"https:\/\/api.w.org\/{rel}","templated":true}]}}