{"id":9089,"date":"2013-12-20T13:24:11","date_gmt":"2013-12-20T16:24:11","guid":{"rendered":"http:\/\/www.bibliotecadeseguranca.com.br\/fr\/?p=9089"},"modified":"2014-02-05T21:59:13","modified_gmt":"2014-02-06T00:59:13","slug":"crime-organizado-tipicidade-politica-criminal-investigacao-e-processo","status":"publish","type":"post","link":"https:\/\/www.bibliotecadeseguranca.com.br\/fr\/livros\/crime-organizado-tipicidade-politica-criminal-investigacao-e-processo\/","title":{"rendered":"Crime Organizado &#8211; Tipicidade, Pol\u00edtica Criminal, Investiga\u00e7\u00e3o e Processo"},"content":{"rendered":"<p><strong><img loading=\"lazy\" decoding=\"async\" class=\"alignleft size-full wp-image-9090\" alt=\"Crime Organizado - Tipicidade, Pol\u00edtica Criminal, Investiga\u00e7\u00e3o e Processo\" src=\"http:\/\/www.bibliotecadeseguranca.com.br\/fr\/wp-content\/uploads\/2013\/12\/crime-organizado-tipicidade-politica-criminal-investigacao-e-processo.jpg\" width=\"145\" height=\"206\" srcset=\"https:\/\/www.bibliotecadeseguranca.com.br\/fr\/wp-content\/uploads\/2013\/12\/crime-organizado-tipicidade-politica-criminal-investigacao-e-processo.jpg 145w, https:\/\/www.bibliotecadeseguranca.com.br\/fr\/wp-content\/uploads\/2013\/12\/crime-organizado-tipicidade-politica-criminal-investigacao-e-processo-105x150.jpg 105w\" sizes=\"auto, (max-width: 145px) 100vw, 145px\" \/><span style=\"color: #003366;\">Andr\u00e9 Lu\u00eds Callegari<\/span><\/strong><\/p>\n<p><span style=\"color: #003366;\"><strong>Editor Livraria do Advogado<\/strong><\/span><\/p>\n<p><span style=\"color: #003366;\"><strong>Descripci\u00f3n:<\/strong><\/span> A presente obra tem por inten\u00e7\u00e3o analisar o crime organizado, trazendo as opini\u00f5es da doutrina estrangeira (Espanha e Col\u00f4mbia) como colabora\u00e7\u00e3o a esta \u00e1rdua mat\u00e9ria do Direito Penal. S\u00e3o abordados neste livro os temas principais que se encontram em discuss\u00e3o, tais como: o conceito de crime organizado, os aspectos sociais e de pol\u00edtica criminal, o injusto deste tipo penal, o bem jur\u00eddico tutelado, os instrumentos internacionais de luta contra o crime organizado, dentre outros assuntos de igual import\u00e2ncia.<\/p>\n","protected":false},"excerpt":{"rendered":"<p>Andr\u00e9 Lu\u00eds Callegari Editor Livraria do Advogado Descripci\u00f3n: A presente obra tem por inten\u00e7\u00e3o analisar o crime organizado, trazendo as opini\u00f5es da doutrina estrangeira (Espanha e Col\u00f4mbia) como colabora\u00e7\u00e3o a esta \u00e1rdua mat\u00e9ria do Direito Penal. S\u00e3o abordados neste livro os temas principais que se encontram em discuss\u00e3o, tais como: o conceito de crime organizado, os aspectos sociais e de pol\u00edtica criminal, o injusto deste tipo penal, o bem jur\u00eddico&hellip; <\/p>\n","protected":false},"author":3,"featured_media":9090,"comment_status":"open","ping_status":"closed","sticky":false,"template":"","format":"standard","meta":{"footnotes":""},"categories":[10,6,25],"tags":[],"class_list":["post-9089","post","type-post","status-publish","format-standard","has-post-thumbnail","hentry","category-crime-violencia-e-criminologia","category-livros","category-seguranca-publica-e-defesa"],"views":303,"_links":{"self":[{"href":"https:\/\/www.bibliotecadeseguranca.com.br\/fr\/wp-json\/wp\/v2\/posts\/9089","targetHints":{"allow":["GET"]}}],"collection":[{"href":"https:\/\/www.bibliotecadeseguranca.com.br\/fr\/wp-json\/wp\/v2\/posts"}],"about":[{"href":"https:\/\/www.bibliotecadeseguranca.com.br\/fr\/wp-json\/wp\/v2\/types\/post"}],"author":[{"embeddable":true,"href":"https:\/\/www.bibliotecadeseguranca.com.br\/fr\/wp-json\/wp\/v2\/users\/3"}],"replies":[{"embeddable":true,"href":"https:\/\/www.bibliotecadeseguranca.com.br\/fr\/wp-json\/wp\/v2\/comments?post=9089"}],"version-history":[{"count":2,"href":"https:\/\/www.bibliotecadeseguranca.com.br\/fr\/wp-json\/wp\/v2\/posts\/9089\/revisions"}],"predecessor-version":[{"id":10212,"href":"https:\/\/www.bibliotecadeseguranca.com.br\/fr\/wp-json\/wp\/v2\/posts\/9089\/revisions\/10212"}],"wp:featuredmedia":[{"embeddable":true,"href":"https:\/\/www.bibliotecadeseguranca.com.br\/fr\/wp-json\/wp\/v2\/media\/9090"}],"wp:attachment":[{"href":"https:\/\/www.bibliotecadeseguranca.com.br\/fr\/wp-json\/wp\/v2\/media?parent=9089"}],"wp:term":[{"taxonomy":"category","embeddable":true,"href":"https:\/\/www.bibliotecadeseguranca.com.br\/fr\/wp-json\/wp\/v2\/categories?post=9089"},{"taxonomy":"post_tag","embeddable":true,"href":"https:\/\/www.bibliotecadeseguranca.com.br\/fr\/wp-json\/wp\/v2\/tags?post=9089"}],"curies":[{"name":"wp","href":"https:\/\/api.w.org\/{rel}","templated":true}]}}