{"id":9079,"date":"2013-12-19T08:37:42","date_gmt":"2013-12-19T11:37:42","guid":{"rendered":"http:\/\/www.bibliotecadeseguranca.com.br\/fr\/?p=9079"},"modified":"2014-02-05T22:00:02","modified_gmt":"2014-02-06T01:00:02","slug":"o-brasil-e-a-seguranca-na-america-do-sul","status":"publish","type":"post","link":"https:\/\/www.bibliotecadeseguranca.com.br\/fr\/livros\/o-brasil-e-a-seguranca-na-america-do-sul\/","title":{"rendered":"O Brasil e a Seguran\u00e7a na Am\u00e9rica do Sul"},"content":{"rendered":"<p><strong><img loading=\"lazy\" decoding=\"async\" class=\"alignleft size-full wp-image-9080\" alt=\"O Brasil e a Seguran\u00e7a na Am\u00e9rica do Sul\" src=\"http:\/\/www.bibliotecadeseguranca.com.br\/fr\/wp-content\/uploads\/2013\/12\/o-brasil-e-a-seguranca-na-america-do-sul.jpg\" width=\"145\" height=\"202\" srcset=\"https:\/\/www.bibliotecadeseguranca.com.br\/fr\/wp-content\/uploads\/2013\/12\/o-brasil-e-a-seguranca-na-america-do-sul.jpg 145w, https:\/\/www.bibliotecadeseguranca.com.br\/fr\/wp-content\/uploads\/2013\/12\/o-brasil-e-a-seguranca-na-america-do-sul-107x150.jpg 107w\" sizes=\"auto, (max-width: 145px) 100vw, 145px\" \/><span style=\"color: #003366;\">Graciela de Conti<\/span><\/strong><\/p>\n<p><span style=\"color: #003366;\"><strong>Editor Juru\u00e1<\/strong><\/span><\/p>\n<p><span style=\"color: #003366;\"><strong>Descripci\u00f3n:<\/strong><\/span><\/p>\n<p>SEGURAN\u00c7A INTERNACIONAL NO P\u00d3S-GUERRA FRIA: ASPECTOS CONCEITUAIS E PROBLEMAS CONTEMPOR\u00c2NEOS<br \/>\n&#8211; O debate acerca de um novo conceito de seguran\u00e7a;<br \/>\n&#8211; Rela\u00e7\u00f5es de seguran\u00e7a: intensidade dos padr\u00f5es regionais;<br \/>\n&#8211; Sistema internacional contempor\u00e2neo: implica\u00e7\u00f5es para as rela\u00e7\u00f5es de seguran\u00e7a.<\/p>\n<p>AS RELA\u00c7\u00d5ES DE SEGURAN\u00c7A NA AM\u00c9RICA DO SUL<br \/>\n&#8211; A constru\u00e7\u00e3o do espa\u00e7o sul-americano;<br \/>\n&#8211; As rela\u00e7\u00f5es de seguran\u00e7a na Am\u00e9rica do Norte;<br \/>\n&#8211; O cen\u00e1rio de seguran\u00e7a na Am\u00e9rica do Sul no p\u00f3s-guerra Fria.<\/p>\n<p>SEGURAN\u00c7A NA AM\u00c9RICA DO SUL: PROBLEMAS E ATORES<br \/>\n&#8211; Conflitos e as amea\u00e7as tradicionais na Am\u00e9rica do Sul;<br \/>\n&#8211; Para al\u00e9m das quest\u00f5es tradicionais de seguran\u00e7a: o destaque ao terrorismo.<\/p>\n<p>CEN\u00c1RIO DE SEGURAN\u00c7A SUL-AMERICANO: UM BALAN\u00c7O DO CONFLITO COLOMBIANO<br \/>\n&#8211; A conforma\u00e7\u00e3o e o tratamento do problema das drogas il\u00edcitas.<\/p>\n<p>O BRASIL E A SEGURAN\u00c7A NA AM\u00c9RICA DO SUL<br \/>\n&#8211; A pol\u00edtica externa brasileira: seguran\u00e7a regional;<br \/>\n&#8211; Pol\u00edtica de seguran\u00e7a dos Estados Unidos para a Am\u00e9rica do Sul;<br \/>\n&#8211; O Brasil e a coopera\u00e7\u00e3o regional nos temas de defesa e seguran\u00e7a.<\/p>\n","protected":false},"excerpt":{"rendered":"<p>Graciela de Conti Editor Juru\u00e1 Descripci\u00f3n: SEGURAN\u00c7A INTERNACIONAL NO P\u00d3S-GUERRA FRIA: ASPECTOS CONCEITUAIS E PROBLEMAS CONTEMPOR\u00c2NEOS &#8211; O debate acerca de um novo conceito de seguran\u00e7a; &#8211; Rela\u00e7\u00f5es de seguran\u00e7a: intensidade dos padr\u00f5es regionais; &#8211; Sistema internacional contempor\u00e2neo: implica\u00e7\u00f5es para as rela\u00e7\u00f5es de seguran\u00e7a. AS RELA\u00c7\u00d5ES DE SEGURAN\u00c7A NA AM\u00c9RICA DO SUL &#8211; A constru\u00e7\u00e3o do espa\u00e7o sul-americano; &#8211; As rela\u00e7\u00f5es de seguran\u00e7a na Am\u00e9rica do Norte; &#8211; O cen\u00e1rio&hellip; <\/p>\n","protected":false},"author":3,"featured_media":9080,"comment_status":"open","ping_status":"closed","sticky":false,"template":"","format":"standard","meta":{"footnotes":""},"categories":[6,25],"tags":[],"class_list":["post-9079","post","type-post","status-publish","format-standard","has-post-thumbnail","hentry","category-livros","category-seguranca-publica-e-defesa"],"views":454,"_links":{"self":[{"href":"https:\/\/www.bibliotecadeseguranca.com.br\/fr\/wp-json\/wp\/v2\/posts\/9079","targetHints":{"allow":["GET"]}}],"collection":[{"href":"https:\/\/www.bibliotecadeseguranca.com.br\/fr\/wp-json\/wp\/v2\/posts"}],"about":[{"href":"https:\/\/www.bibliotecadeseguranca.com.br\/fr\/wp-json\/wp\/v2\/types\/post"}],"author":[{"embeddable":true,"href":"https:\/\/www.bibliotecadeseguranca.com.br\/fr\/wp-json\/wp\/v2\/users\/3"}],"replies":[{"embeddable":true,"href":"https:\/\/www.bibliotecadeseguranca.com.br\/fr\/wp-json\/wp\/v2\/comments?post=9079"}],"version-history":[{"count":3,"href":"https:\/\/www.bibliotecadeseguranca.com.br\/fr\/wp-json\/wp\/v2\/posts\/9079\/revisions"}],"predecessor-version":[{"id":10210,"href":"https:\/\/www.bibliotecadeseguranca.com.br\/fr\/wp-json\/wp\/v2\/posts\/9079\/revisions\/10210"}],"wp:featuredmedia":[{"embeddable":true,"href":"https:\/\/www.bibliotecadeseguranca.com.br\/fr\/wp-json\/wp\/v2\/media\/9080"}],"wp:attachment":[{"href":"https:\/\/www.bibliotecadeseguranca.com.br\/fr\/wp-json\/wp\/v2\/media?parent=9079"}],"wp:term":[{"taxonomy":"category","embeddable":true,"href":"https:\/\/www.bibliotecadeseguranca.com.br\/fr\/wp-json\/wp\/v2\/categories?post=9079"},{"taxonomy":"post_tag","embeddable":true,"href":"https:\/\/www.bibliotecadeseguranca.com.br\/fr\/wp-json\/wp\/v2\/tags?post=9079"}],"curies":[{"name":"wp","href":"https:\/\/api.w.org\/{rel}","templated":true}]}}