{"id":9042,"date":"2013-12-09T08:20:44","date_gmt":"2013-12-09T11:20:44","guid":{"rendered":"http:\/\/www.bibliotecadeseguranca.com.br\/fr\/?p=9042"},"modified":"2014-12-31T01:42:13","modified_gmt":"2014-12-31T04:42:13","slug":"guarda-municipal-criacao-e-funcionamento","status":"publish","type":"post","link":"https:\/\/www.bibliotecadeseguranca.com.br\/fr\/livros\/guarda-municipal-criacao-e-funcionamento\/","title":{"rendered":"Guarda Municipal Cria\u00e7\u00e3o e Funcionamento"},"content":{"rendered":"<p><strong><img loading=\"lazy\" decoding=\"async\" class=\"alignleft size-full wp-image-9043\" alt=\"Guarda Municipal Cria\u00e7\u00e3o e Funcionamento\" src=\"http:\/\/www.bibliotecadeseguranca.com.br\/fr\/wp-content\/uploads\/2013\/12\/guarda-municipal-criacao-e-funcionamento.jpg\" width=\"145\" height=\"210\" srcset=\"https:\/\/www.bibliotecadeseguranca.com.br\/fr\/wp-content\/uploads\/2013\/12\/guarda-municipal-criacao-e-funcionamento.jpg 145w, https:\/\/www.bibliotecadeseguranca.com.br\/fr\/wp-content\/uploads\/2013\/12\/guarda-municipal-criacao-e-funcionamento-103x150.jpg 103w\" sizes=\"auto, (max-width: 145px) 100vw, 145px\" \/><span style=\"color: #003366;\">Reinaldo Moreira Bruno<\/span><\/strong><\/p>\n<p><span style=\"color: #003366;\"><strong>Editor Del Rey<\/strong><\/span><\/p>\n<p><span style=\"color: #003366;\"><strong>Descripci\u00f3n:<\/strong><\/span> A obra aborda a pol\u00eamica em torno da inser\u00e7\u00e3o das Guardas Municipais no sistema de Seguran\u00e7a P\u00fablica, discutindo a responsabilidade civil da Administra\u00e7\u00e3o ante os danos causados pelos integrantes destas corpora\u00e7\u00f5es. O livro traz tamb\u00e9m a discuss\u00e3o quanto \u00e0 elei\u00e7\u00e3o do regime jur\u00eddico da Administra\u00e7\u00e3o para com estes servidores, al\u00e9m dos efeitos pr\u00e1ticos, \u00e0 luz do entendimento dos nossos Tribunais, da atua\u00e7\u00e3o policial destas corpora\u00e7\u00f5es municipais. Ainda s\u00e3o abordadas na obra quest\u00f5es relacionadas ao curso de forma\u00e7\u00e3o, a necessidade ou n\u00e3o de armamento e o concurso p\u00fablico para o ingresso na Guarda Municipal.<\/p>\n","protected":false},"excerpt":{"rendered":"<p>Reinaldo Moreira Bruno Editor Del Rey Descripci\u00f3n: A obra aborda a pol\u00eamica em torno da inser\u00e7\u00e3o das Guardas Municipais no sistema de Seguran\u00e7a P\u00fablica, discutindo a responsabilidade civil da Administra\u00e7\u00e3o ante os danos causados pelos integrantes destas corpora\u00e7\u00f5es. O livro traz tamb\u00e9m a discuss\u00e3o quanto \u00e0 elei\u00e7\u00e3o do regime jur\u00eddico da Administra\u00e7\u00e3o para com estes servidores, al\u00e9m dos efeitos pr\u00e1ticos, \u00e0 luz do entendimento dos nossos Tribunais, da atua\u00e7\u00e3o policial&hellip; <\/p>\n","protected":false},"author":3,"featured_media":9043,"comment_status":"open","ping_status":"closed","sticky":false,"template":"","format":"standard","meta":{"footnotes":""},"categories":[23,6,25],"tags":[],"class_list":["post-9042","post","type-post","status-publish","format-standard","has-post-thumbnail","hentry","category-gestao-da-seguranca-empresarial","category-livros","category-seguranca-publica-e-defesa"],"views":287,"_links":{"self":[{"href":"https:\/\/www.bibliotecadeseguranca.com.br\/fr\/wp-json\/wp\/v2\/posts\/9042","targetHints":{"allow":["GET"]}}],"collection":[{"href":"https:\/\/www.bibliotecadeseguranca.com.br\/fr\/wp-json\/wp\/v2\/posts"}],"about":[{"href":"https:\/\/www.bibliotecadeseguranca.com.br\/fr\/wp-json\/wp\/v2\/types\/post"}],"author":[{"embeddable":true,"href":"https:\/\/www.bibliotecadeseguranca.com.br\/fr\/wp-json\/wp\/v2\/users\/3"}],"replies":[{"embeddable":true,"href":"https:\/\/www.bibliotecadeseguranca.com.br\/fr\/wp-json\/wp\/v2\/comments?post=9042"}],"version-history":[{"count":2,"href":"https:\/\/www.bibliotecadeseguranca.com.br\/fr\/wp-json\/wp\/v2\/posts\/9042\/revisions"}],"predecessor-version":[{"id":10198,"href":"https:\/\/www.bibliotecadeseguranca.com.br\/fr\/wp-json\/wp\/v2\/posts\/9042\/revisions\/10198"}],"wp:featuredmedia":[{"embeddable":true,"href":"https:\/\/www.bibliotecadeseguranca.com.br\/fr\/wp-json\/wp\/v2\/media\/9043"}],"wp:attachment":[{"href":"https:\/\/www.bibliotecadeseguranca.com.br\/fr\/wp-json\/wp\/v2\/media?parent=9042"}],"wp:term":[{"taxonomy":"category","embeddable":true,"href":"https:\/\/www.bibliotecadeseguranca.com.br\/fr\/wp-json\/wp\/v2\/categories?post=9042"},{"taxonomy":"post_tag","embeddable":true,"href":"https:\/\/www.bibliotecadeseguranca.com.br\/fr\/wp-json\/wp\/v2\/tags?post=9042"}],"curies":[{"name":"wp","href":"https:\/\/api.w.org\/{rel}","templated":true}]}}