{"id":9026,"date":"2013-12-05T08:45:51","date_gmt":"2013-12-05T11:45:51","guid":{"rendered":"http:\/\/www.bibliotecadeseguranca.com.br\/fr\/?p=9026"},"modified":"2014-02-05T22:11:53","modified_gmt":"2014-02-06T01:11:53","slug":"voce-vive-seguro-seu-guia-pratico-de-prevencao-de-acidentes","status":"publish","type":"post","link":"https:\/\/www.bibliotecadeseguranca.com.br\/fr\/livros\/voce-vive-seguro-seu-guia-pratico-de-prevencao-de-acidentes\/","title":{"rendered":"Voc\u00ea Vive Seguro? &#8211; Seu Guia Pr\u00e1tico de Preven\u00e7\u00e3o de Acidentes"},"content":{"rendered":"<p><strong><img loading=\"lazy\" decoding=\"async\" class=\"alignleft size-full wp-image-9027\" alt=\"Voc\u00ea Vive Seguro? - Seu Guia Pr\u00e1tico de Preven\u00e7\u00e3o de Acidentes\" src=\"http:\/\/www.bibliotecadeseguranca.com.br\/fr\/wp-content\/uploads\/2013\/12\/voce-vive-seguro-seu-guia-pratico-de-prevencao-de-acidentes.jpg\" width=\"145\" height=\"219\" srcset=\"https:\/\/www.bibliotecadeseguranca.com.br\/fr\/wp-content\/uploads\/2013\/12\/voce-vive-seguro-seu-guia-pratico-de-prevencao-de-acidentes.jpg 145w, https:\/\/www.bibliotecadeseguranca.com.br\/fr\/wp-content\/uploads\/2013\/12\/voce-vive-seguro-seu-guia-pratico-de-prevencao-de-acidentes-99x150.jpg 99w\" sizes=\"auto, (max-width: 145px) 100vw, 145px\" \/><span style=\"color: #003366;\">Ant\u00f4nio Ferraz dos Santos<\/span><\/strong><\/p>\n<p><span style=\"color: #003366;\"><strong>Editor Novo S\u00e9culo<\/strong><\/span><\/p>\n<p><span style=\"color: #003366;\"><strong>Descripci\u00f3n:<\/strong><\/span> A imagem po\u00e9tica de que o lar \u00e9 um ref\u00fagio superprotetor \u00e9 bastante enganosa. Acidentes graves costumam ocorrer em casa. Somos os maiores interessados e tamb\u00e9m os respons\u00e1veis por manter nossos lares em seguran\u00e7a. Para isso, precisamos descobrir os riscos e elimin\u00e1-los. A interven\u00e7\u00e3o em um acidente \u00e9 muito importante. Voc\u00ea vive seguro? \u00e9 um guia que ir\u00e1 contribuir para que o leitor tenha o m\u00ednimo de informa\u00e7\u00f5es necess\u00e1rias para agir de forma consciente na imin\u00eancia de um acidente, dando a sua colabora\u00e7\u00e3o de forma correta.<\/p>\n<p>O livro pretende, tamb\u00e9m, despertar em voc\u00ea a preocupa\u00e7\u00e3o prevencionista, atrav\u00e9s de conduta, disciplina e atos que podem evitar a ocorr\u00eancia de um acidente. Leia, discuta e oriente seus filhos sobre como agir em situa\u00e7\u00f5es como essas. \u00c9 importante que todos conhe\u00e7am as regras b\u00e1sicas de preven\u00e7\u00e3o de acidentes e primeiros socorros. Com a concretiza\u00e7\u00e3o disso, milhares de vidas poder\u00e3o ser salvas.<\/p>\n","protected":false},"excerpt":{"rendered":"<p>Ant\u00f4nio Ferraz dos Santos Editor Novo S\u00e9culo Descripci\u00f3n: A imagem po\u00e9tica de que o lar \u00e9 um ref\u00fagio superprotetor \u00e9 bastante enganosa. Acidentes graves costumam ocorrer em casa. Somos os maiores interessados e tamb\u00e9m os respons\u00e1veis por manter nossos lares em seguran\u00e7a. Para isso, precisamos descobrir os riscos e elimin\u00e1-los. A interven\u00e7\u00e3o em um acidente \u00e9 muito importante. Voc\u00ea vive seguro? \u00e9 um guia que ir\u00e1 contribuir para que o&hellip; <\/p>\n","protected":false},"author":3,"featured_media":9027,"comment_status":"open","ping_status":"closed","sticky":false,"template":"","format":"standard","meta":{"footnotes":""},"categories":[26,6,24],"tags":[],"class_list":["post-9026","post","type-post","status-publish","format-standard","has-post-thumbnail","hentry","category-outros","category-livros","category-seguranca-pessoal-e-sequestro"],"views":385,"_links":{"self":[{"href":"https:\/\/www.bibliotecadeseguranca.com.br\/fr\/wp-json\/wp\/v2\/posts\/9026","targetHints":{"allow":["GET"]}}],"collection":[{"href":"https:\/\/www.bibliotecadeseguranca.com.br\/fr\/wp-json\/wp\/v2\/posts"}],"about":[{"href":"https:\/\/www.bibliotecadeseguranca.com.br\/fr\/wp-json\/wp\/v2\/types\/post"}],"author":[{"embeddable":true,"href":"https:\/\/www.bibliotecadeseguranca.com.br\/fr\/wp-json\/wp\/v2\/users\/3"}],"replies":[{"embeddable":true,"href":"https:\/\/www.bibliotecadeseguranca.com.br\/fr\/wp-json\/wp\/v2\/comments?post=9026"}],"version-history":[{"count":2,"href":"https:\/\/www.bibliotecadeseguranca.com.br\/fr\/wp-json\/wp\/v2\/posts\/9026\/revisions"}],"predecessor-version":[{"id":10194,"href":"https:\/\/www.bibliotecadeseguranca.com.br\/fr\/wp-json\/wp\/v2\/posts\/9026\/revisions\/10194"}],"wp:featuredmedia":[{"embeddable":true,"href":"https:\/\/www.bibliotecadeseguranca.com.br\/fr\/wp-json\/wp\/v2\/media\/9027"}],"wp:attachment":[{"href":"https:\/\/www.bibliotecadeseguranca.com.br\/fr\/wp-json\/wp\/v2\/media?parent=9026"}],"wp:term":[{"taxonomy":"category","embeddable":true,"href":"https:\/\/www.bibliotecadeseguranca.com.br\/fr\/wp-json\/wp\/v2\/categories?post=9026"},{"taxonomy":"post_tag","embeddable":true,"href":"https:\/\/www.bibliotecadeseguranca.com.br\/fr\/wp-json\/wp\/v2\/tags?post=9026"}],"curies":[{"name":"wp","href":"https:\/\/api.w.org\/{rel}","templated":true}]}}