{"id":9014,"date":"2013-12-02T09:01:29","date_gmt":"2013-12-02T12:01:29","guid":{"rendered":"http:\/\/www.bibliotecadeseguranca.com.br\/fr\/?p=9014"},"modified":"2014-02-05T22:13:56","modified_gmt":"2014-02-06T01:13:56","slug":"tecnicas-nao-letais-na-seguranca-publica-e-privada","status":"publish","type":"post","link":"https:\/\/www.bibliotecadeseguranca.com.br\/fr\/livros\/tecnicas-nao-letais-na-seguranca-publica-e-privada\/","title":{"rendered":"T\u00e9cnicas N\u00e3o-Letais na Seguran\u00e7a P\u00fablica e Privada"},"content":{"rendered":"<p><strong><img loading=\"lazy\" decoding=\"async\" class=\"alignleft size-full wp-image-9015\" alt=\"T\u00e9cnicas N\u00e3o-Letais na Seguran\u00e7a P\u00fablica e Privada\" src=\"http:\/\/www.bibliotecadeseguranca.com.br\/fr\/wp-content\/uploads\/2013\/12\/tecnicas-nao-letais-na-seguranca-publica-e-privada.jpg\" width=\"145\" height=\"213\" srcset=\"https:\/\/www.bibliotecadeseguranca.com.br\/fr\/wp-content\/uploads\/2013\/12\/tecnicas-nao-letais-na-seguranca-publica-e-privada.jpg 145w, https:\/\/www.bibliotecadeseguranca.com.br\/fr\/wp-content\/uploads\/2013\/12\/tecnicas-nao-letais-na-seguranca-publica-e-privada-102x150.jpg 102w\" sizes=\"auto, (max-width: 145px) 100vw, 145px\" \/><span style=\"color: #003366;\">Marsuel Botelho Riani<\/span><\/strong><\/p>\n<p><span style=\"color: #003366;\"><strong>Editor Sicurezza<\/strong><\/span><\/p>\n<p><span style=\"color: #003366;\"><strong>Descripci\u00f3n:<\/strong><\/span> Trata-se de pesquisa explorat\u00f3ria, baseada em pesquisa bibliogr\u00e1fica e de campo, sobre a possibilidade de redu\u00e7\u00e3o do uso da for\u00e7a f\u00edsica, principalmente a for\u00e7a letal, pelos encarregados de aplica\u00e7\u00e3o da lei e agentes de seguran\u00e7a privada. Apresenta algumas considera\u00e7\u00f5es sobre a import\u00e2ncia do monop\u00f3lio do uso da for\u00e7a pelo Estado para a coes\u00e3o social. Analisa a forma como o uso da for\u00e7a \u00e9 tratado em alguns documentos, dando \u00eanfase \u00e0 Matriz Curricular Nacional. Discute os termos \u00e9tica, cidadania e Direitos Humanos e sua import\u00e2ncia, cada vez maior, no \u00e2mbito da seguran\u00e7a p\u00fablica brasileira. Analisa tamb\u00e9m a legisla\u00e7\u00e3o internacional de Direitos Humanos que trata do uso da for\u00e7a, e algumas normas nacionais, como o C\u00f3digo de Processo Penal e o C\u00f3digo Penal, explicando como elas podem ser correlacionadas com as normas internacionais a fim de balizar um melhor entendimento dessas na interpreta\u00e7\u00e3o de fatos envolvendo o uso da for\u00e7a pelos encarregados de aplica\u00e7\u00e3o da lei. Apresenta o conceito n\u00e3o-letal, as t\u00e9cnicas n\u00e3o-letais e sua taxonomia, e o dec\u00e1logo de implanta\u00e7\u00e3o do programa de armas n\u00e3o-letais. Avalia gr\u00e1ficos comparativos de suspeitos e policiais feridos em a\u00e7\u00e3o antes e depois da implanta\u00e7\u00e3o de equipamentos n\u00e3o-letais em alguns departamentos de pol\u00edcia nos Estados Unidos e os resultados de pesquisa de campo junto a policiais militares do Batalh\u00e3o de Miss\u00f5es Especiais da Pol\u00edcia Militar do Esp\u00edrito Santo. Conclui que \u00e9 poss\u00edvel reduzir a letalidade na a\u00e7\u00e3o policial e das empresas de seguran\u00e7a com investimentos s\u00e9rios na aquisi\u00e7\u00e3o de equipamentos n\u00e3o-letais e treinamento de seus agentes para seu uso. Conclui tamb\u00e9m que \u00e9 preciso, al\u00e9m do treinamento, comportamento \u00e9tico, a fim de alcan\u00e7ar o principal objetivo dos corpos policiais, em especial quando utilizam esses equipamentos: a preserva\u00e7\u00e3o da vida.<\/p>\n","protected":false},"excerpt":{"rendered":"<p>Marsuel Botelho Riani Editor Sicurezza Descripci\u00f3n: Trata-se de pesquisa explorat\u00f3ria, baseada em pesquisa bibliogr\u00e1fica e de campo, sobre a possibilidade de redu\u00e7\u00e3o do uso da for\u00e7a f\u00edsica, principalmente a for\u00e7a letal, pelos encarregados de aplica\u00e7\u00e3o da lei e agentes de seguran\u00e7a privada. Apresenta algumas considera\u00e7\u00f5es sobre a import\u00e2ncia do monop\u00f3lio do uso da for\u00e7a pelo Estado para a coes\u00e3o social. Analisa a forma como o uso da for\u00e7a \u00e9 tratado&hellip; <\/p>\n","protected":false},"author":3,"featured_media":9015,"comment_status":"open","ping_status":"closed","sticky":false,"template":"","format":"standard","meta":{"footnotes":""},"categories":[10,23,6,24,25],"tags":[],"class_list":["post-9014","post","type-post","status-publish","format-standard","has-post-thumbnail","hentry","category-crime-violencia-e-criminologia","category-gestao-da-seguranca-empresarial","category-livros","category-seguranca-pessoal-e-sequestro","category-seguranca-publica-e-defesa"],"views":793,"_links":{"self":[{"href":"https:\/\/www.bibliotecadeseguranca.com.br\/fr\/wp-json\/wp\/v2\/posts\/9014","targetHints":{"allow":["GET"]}}],"collection":[{"href":"https:\/\/www.bibliotecadeseguranca.com.br\/fr\/wp-json\/wp\/v2\/posts"}],"about":[{"href":"https:\/\/www.bibliotecadeseguranca.com.br\/fr\/wp-json\/wp\/v2\/types\/post"}],"author":[{"embeddable":true,"href":"https:\/\/www.bibliotecadeseguranca.com.br\/fr\/wp-json\/wp\/v2\/users\/3"}],"replies":[{"embeddable":true,"href":"https:\/\/www.bibliotecadeseguranca.com.br\/fr\/wp-json\/wp\/v2\/comments?post=9014"}],"version-history":[{"count":2,"href":"https:\/\/www.bibliotecadeseguranca.com.br\/fr\/wp-json\/wp\/v2\/posts\/9014\/revisions"}],"predecessor-version":[{"id":10190,"href":"https:\/\/www.bibliotecadeseguranca.com.br\/fr\/wp-json\/wp\/v2\/posts\/9014\/revisions\/10190"}],"wp:featuredmedia":[{"embeddable":true,"href":"https:\/\/www.bibliotecadeseguranca.com.br\/fr\/wp-json\/wp\/v2\/media\/9015"}],"wp:attachment":[{"href":"https:\/\/www.bibliotecadeseguranca.com.br\/fr\/wp-json\/wp\/v2\/media?parent=9014"}],"wp:term":[{"taxonomy":"category","embeddable":true,"href":"https:\/\/www.bibliotecadeseguranca.com.br\/fr\/wp-json\/wp\/v2\/categories?post=9014"},{"taxonomy":"post_tag","embeddable":true,"href":"https:\/\/www.bibliotecadeseguranca.com.br\/fr\/wp-json\/wp\/v2\/tags?post=9014"}],"curies":[{"name":"wp","href":"https:\/\/api.w.org\/{rel}","templated":true}]}}