{"id":8952,"date":"2013-11-18T08:20:31","date_gmt":"2013-11-18T11:20:31","guid":{"rendered":"http:\/\/www.bibliotecadeseguranca.com.br\/fr\/?p=8952"},"modified":"2014-02-05T22:28:47","modified_gmt":"2014-02-06T01:28:47","slug":"seguranca-publica-inteligente","status":"publish","type":"post","link":"https:\/\/www.bibliotecadeseguranca.com.br\/fr\/livros\/seguranca-publica-inteligente\/","title":{"rendered":"Seguran\u00e7a P\u00fablica Inteligente"},"content":{"rendered":"<p><strong><img loading=\"lazy\" decoding=\"async\" class=\"alignleft size-full wp-image-8953\" alt=\"Seguran\u00e7a P\u00fablica Inteligente\" src=\"http:\/\/www.bibliotecadeseguranca.com.br\/fr\/wp-content\/uploads\/2013\/11\/seguranca-publica-inteligente.jpg\" width=\"145\" height=\"206\" srcset=\"https:\/\/www.bibliotecadeseguranca.com.br\/fr\/wp-content\/uploads\/2013\/11\/seguranca-publica-inteligente.jpg 145w, https:\/\/www.bibliotecadeseguranca.com.br\/fr\/wp-content\/uploads\/2013\/11\/seguranca-publica-inteligente-105x150.jpg 105w\" sizes=\"auto, (max-width: 145px) 100vw, 145px\" \/><span style=\"color: #003366;\">Celso M. F. J\u00fanior, Edemundo D. de O. Filho, Hugo C. F. Preto<\/span><\/strong><\/p>\n<p><span style=\"color: #003366;\"><strong>Editor Kelps<\/strong><\/span><\/p>\n<p><span style=\"color: #003366;\"><strong>Descripci\u00f3n:<\/strong><\/span> Veio preencher uma lacuna. A partir de uma perspectiva did\u00e1tica e pedagogicamente bem elaborada, os autores conferem ao tema um acesso doutrin\u00e1rio preciso a todos aqueles que se interessem em debater a intelig\u00eancia policial como instrumento democr\u00e1tico e salutar no enfrentamento da quest\u00e3o do crime comum e organizado e da seguran\u00e7a p\u00fablica. Pois a sociedade, antes ausente, cada dia mais se v\u00ea parte dessa problemat\u00e1tica. Assim, enfrentar a viol\u00eancia \u00e9 hoje responsabilidade p\u00fablica da cidadania brasileira, antes mesmo de ser responsabilidade governamental ou estatal.<\/p>\n","protected":false},"excerpt":{"rendered":"<p>Celso M. F. J\u00fanior, Edemundo D. de O. Filho, Hugo C. F. Preto Editor Kelps Descripci\u00f3n: Veio preencher uma lacuna. A partir de uma perspectiva did\u00e1tica e pedagogicamente bem elaborada, os autores conferem ao tema um acesso doutrin\u00e1rio preciso a todos aqueles que se interessem em debater a intelig\u00eancia policial como instrumento democr\u00e1tico e salutar no enfrentamento da quest\u00e3o do crime comum e organizado e da seguran\u00e7a p\u00fablica. Pois a&hellip; <\/p>\n","protected":false},"author":3,"featured_media":8953,"comment_status":"open","ping_status":"closed","sticky":false,"template":"","format":"standard","meta":{"footnotes":""},"categories":[10,6,25],"tags":[],"class_list":["post-8952","post","type-post","status-publish","format-standard","has-post-thumbnail","hentry","category-crime-violencia-e-criminologia","category-livros","category-seguranca-publica-e-defesa"],"views":247,"_links":{"self":[{"href":"https:\/\/www.bibliotecadeseguranca.com.br\/fr\/wp-json\/wp\/v2\/posts\/8952","targetHints":{"allow":["GET"]}}],"collection":[{"href":"https:\/\/www.bibliotecadeseguranca.com.br\/fr\/wp-json\/wp\/v2\/posts"}],"about":[{"href":"https:\/\/www.bibliotecadeseguranca.com.br\/fr\/wp-json\/wp\/v2\/types\/post"}],"author":[{"embeddable":true,"href":"https:\/\/www.bibliotecadeseguranca.com.br\/fr\/wp-json\/wp\/v2\/users\/3"}],"replies":[{"embeddable":true,"href":"https:\/\/www.bibliotecadeseguranca.com.br\/fr\/wp-json\/wp\/v2\/comments?post=8952"}],"version-history":[{"count":2,"href":"https:\/\/www.bibliotecadeseguranca.com.br\/fr\/wp-json\/wp\/v2\/posts\/8952\/revisions"}],"predecessor-version":[{"id":10177,"href":"https:\/\/www.bibliotecadeseguranca.com.br\/fr\/wp-json\/wp\/v2\/posts\/8952\/revisions\/10177"}],"wp:featuredmedia":[{"embeddable":true,"href":"https:\/\/www.bibliotecadeseguranca.com.br\/fr\/wp-json\/wp\/v2\/media\/8953"}],"wp:attachment":[{"href":"https:\/\/www.bibliotecadeseguranca.com.br\/fr\/wp-json\/wp\/v2\/media?parent=8952"}],"wp:term":[{"taxonomy":"category","embeddable":true,"href":"https:\/\/www.bibliotecadeseguranca.com.br\/fr\/wp-json\/wp\/v2\/categories?post=8952"},{"taxonomy":"post_tag","embeddable":true,"href":"https:\/\/www.bibliotecadeseguranca.com.br\/fr\/wp-json\/wp\/v2\/tags?post=8952"}],"curies":[{"name":"wp","href":"https:\/\/api.w.org\/{rel}","templated":true}]}}