{"id":8943,"date":"2013-11-16T08:20:28","date_gmt":"2013-11-16T11:20:28","guid":{"rendered":"http:\/\/www.bibliotecadeseguranca.com.br\/fr\/?p=8943"},"modified":"2014-02-05T22:29:50","modified_gmt":"2014-02-06T01:29:50","slug":"manual-de-autoproteccion-para-periodistas","status":"publish","type":"post","link":"https:\/\/www.bibliotecadeseguranca.com.br\/fr\/livros\/manual-de-autoproteccion-para-periodistas\/","title":{"rendered":"Manual de Autoprotecci\u00f3n para Periodistas"},"content":{"rendered":"<p><strong><img loading=\"lazy\" decoding=\"async\" class=\"alignleft size-full wp-image-8944\" alt=\"Manual de Autoprotecci\u00f3n para Periodistas\" src=\"http:\/\/www.bibliotecadeseguranca.com.br\/fr\/wp-content\/uploads\/2013\/11\/manual-de-autoproteccion-para-periodistas.jpg\" width=\"145\" height=\"235\" srcset=\"https:\/\/www.bibliotecadeseguranca.com.br\/fr\/wp-content\/uploads\/2013\/11\/manual-de-autoproteccion-para-periodistas.jpg 145w, https:\/\/www.bibliotecadeseguranca.com.br\/fr\/wp-content\/uploads\/2013\/11\/manual-de-autoproteccion-para-periodistas-92x150.jpg 92w\" sizes=\"auto, (max-width: 145px) 100vw, 145px\" \/><span style=\"color: #003366;\">Andr\u00e9s Arturo Sol\u00eds Alvarez<\/span><\/strong><\/p>\n<p><span style=\"color: #003366;\"><strong>Editor Seguridad y Defensa<\/strong><\/span><\/p>\n<p><span style=\"color: #003366;\"><strong>Descripci\u00f3n:<\/strong><\/span> Am\u00e9rica Latina ha sido hist\u00f3ricamente una regi\u00f3n dif\u00edcil para el ejercicio del periodismo. Las dictaduras militares, las guerras civiles, la influencia del crimen organizado, las movilizaciones sociales o los desastres naturales siempre son noticia, pero al mismo tiempo son un reto que las y los periodistas deben enfrentar para ejercer su labor; y que en la mayor\u00eda de los casos carecen de entrenamiento sobre c\u00f3mo realizar coberturas seguras, lo que tampoco es materia de estudio en las universidades.<\/p>\n<p>Este manual es un ejercicio para conjuntar recomendaciones para que cada periodista determine su propio protocolo de protecci\u00f3n personal, compartirlo con colegas y sus medios y tener as\u00ed coberturas m\u00e1s seguras.<\/p>\n","protected":false},"excerpt":{"rendered":"<p>Andr\u00e9s Arturo Sol\u00eds Alvarez Editor Seguridad y Defensa Descripci\u00f3n: Am\u00e9rica Latina ha sido hist\u00f3ricamente una regi\u00f3n dif\u00edcil para el ejercicio del periodismo. Las dictaduras militares, las guerras civiles, la influencia del crimen organizado, las movilizaciones sociales o los desastres naturales siempre son noticia, pero al mismo tiempo son un reto que las y los periodistas deben enfrentar para ejercer su labor; y que en la mayor\u00eda de los casos carecen&hellip; <\/p>\n","protected":false},"author":3,"featured_media":8944,"comment_status":"open","ping_status":"closed","sticky":false,"template":"","format":"standard","meta":{"footnotes":""},"categories":[10,81,6,24],"tags":[],"class_list":["post-8943","post","type-post","status-publish","format-standard","has-post-thumbnail","hentry","category-crime-violencia-e-criminologia","category-espanol","category-livros","category-seguranca-pessoal-e-sequestro"],"views":266,"_links":{"self":[{"href":"https:\/\/www.bibliotecadeseguranca.com.br\/fr\/wp-json\/wp\/v2\/posts\/8943","targetHints":{"allow":["GET"]}}],"collection":[{"href":"https:\/\/www.bibliotecadeseguranca.com.br\/fr\/wp-json\/wp\/v2\/posts"}],"about":[{"href":"https:\/\/www.bibliotecadeseguranca.com.br\/fr\/wp-json\/wp\/v2\/types\/post"}],"author":[{"embeddable":true,"href":"https:\/\/www.bibliotecadeseguranca.com.br\/fr\/wp-json\/wp\/v2\/users\/3"}],"replies":[{"embeddable":true,"href":"https:\/\/www.bibliotecadeseguranca.com.br\/fr\/wp-json\/wp\/v2\/comments?post=8943"}],"version-history":[{"count":2,"href":"https:\/\/www.bibliotecadeseguranca.com.br\/fr\/wp-json\/wp\/v2\/posts\/8943\/revisions"}],"predecessor-version":[{"id":10176,"href":"https:\/\/www.bibliotecadeseguranca.com.br\/fr\/wp-json\/wp\/v2\/posts\/8943\/revisions\/10176"}],"wp:featuredmedia":[{"embeddable":true,"href":"https:\/\/www.bibliotecadeseguranca.com.br\/fr\/wp-json\/wp\/v2\/media\/8944"}],"wp:attachment":[{"href":"https:\/\/www.bibliotecadeseguranca.com.br\/fr\/wp-json\/wp\/v2\/media?parent=8943"}],"wp:term":[{"taxonomy":"category","embeddable":true,"href":"https:\/\/www.bibliotecadeseguranca.com.br\/fr\/wp-json\/wp\/v2\/categories?post=8943"},{"taxonomy":"post_tag","embeddable":true,"href":"https:\/\/www.bibliotecadeseguranca.com.br\/fr\/wp-json\/wp\/v2\/tags?post=8943"}],"curies":[{"name":"wp","href":"https:\/\/api.w.org\/{rel}","templated":true}]}}