{"id":8937,"date":"2013-11-15T08:20:02","date_gmt":"2013-11-15T11:20:02","guid":{"rendered":"http:\/\/www.bibliotecadeseguranca.com.br\/fr\/?p=8937"},"modified":"2014-02-05T22:33:23","modified_gmt":"2014-02-06T01:33:23","slug":"atividade-policial-e-o-confronto-armado","status":"publish","type":"post","link":"https:\/\/www.bibliotecadeseguranca.com.br\/fr\/livros\/atividade-policial-e-o-confronto-armado\/","title":{"rendered":"Atividade Policial e o Confronto Armado"},"content":{"rendered":"<p><strong><img loading=\"lazy\" decoding=\"async\" class=\"alignleft size-full wp-image-8938\" alt=\"Atividade Policial e o Confronto Armado\" src=\"http:\/\/www.bibliotecadeseguranca.com.br\/fr\/wp-content\/uploads\/2013\/11\/atividade-policial-e-o-confronto-armado.jpg\" width=\"145\" height=\"204\" srcset=\"https:\/\/www.bibliotecadeseguranca.com.br\/fr\/wp-content\/uploads\/2013\/11\/atividade-policial-e-o-confronto-armado.jpg 145w, https:\/\/www.bibliotecadeseguranca.com.br\/fr\/wp-content\/uploads\/2013\/11\/atividade-policial-e-o-confronto-armado-106x150.jpg 106w\" sizes=\"auto, (max-width: 145px) 100vw, 145px\" \/><span style=\"color: #003366;\">Jo\u00e3o Cavalim de Lima<\/span><\/strong><\/p>\n<p><span style=\"color: #003366;\"><strong>Editor Juru\u00e1<\/strong><\/span><\/p>\n<p><span style=\"color: #003366;\"><strong>Descripci\u00f3n:<\/strong><\/span> &#8220;Atividade Policial e Confronto Armado&#8221;, obra de car\u00e1ter t\u00e9cnico, primeira literatura do g\u00eanero no Brasil, enfoca a problem\u00e1tica dos confrontos armados sob a \u00f3tica legal, conceitual, doutrin\u00e1ria, fisiol\u00f3gica, psicol\u00f3gica, psiqui\u00e1trica e administrativa, focando o mais grave incidente cr\u00edtico que um policial pode participar. O livro, de forma sistem\u00e1tica, visa proporcionar aos leitores, sejam profissionais de seguran\u00e7a p\u00fablica, privada, profissionais de sa\u00fade mental, soci\u00f3logos, advogados, promotores, ju\u00edzes e estudantes, um quadro real de todos os mecanismos que envolvem os encontros mortais, proporcionando meios de avaliar a postura e os efeitos do policial antes, durante e depois de um incidente dessa natureza. Com esse trabalho, visa o autor preencher uma lacuna na literatura t\u00e9cnica policial, de forma que todos os envolvidos diretamente ou n\u00e3o em um processo ou simplesmente os interessados no tema, possam ampliar seu ju\u00edzo, hoje adstrito \u00e0 fria letra da lei, \u00e0 jurisprud\u00eancia e aos procedimentos t\u00e9cnicos ou t\u00e1ticos.<\/p>\n","protected":false},"excerpt":{"rendered":"<p>Jo\u00e3o Cavalim de Lima Editor Juru\u00e1 Descripci\u00f3n: &#8220;Atividade Policial e Confronto Armado&#8221;, obra de car\u00e1ter t\u00e9cnico, primeira literatura do g\u00eanero no Brasil, enfoca a problem\u00e1tica dos confrontos armados sob a \u00f3tica legal, conceitual, doutrin\u00e1ria, fisiol\u00f3gica, psicol\u00f3gica, psiqui\u00e1trica e administrativa, focando o mais grave incidente cr\u00edtico que um policial pode participar. O livro, de forma sistem\u00e1tica, visa proporcionar aos leitores, sejam profissionais de seguran\u00e7a p\u00fablica, privada, profissionais de sa\u00fade mental, soci\u00f3logos,&hellip; <\/p>\n","protected":false},"author":3,"featured_media":8938,"comment_status":"open","ping_status":"closed","sticky":false,"template":"","format":"standard","meta":{"footnotes":""},"categories":[10,6,25],"tags":[],"class_list":["post-8937","post","type-post","status-publish","format-standard","has-post-thumbnail","hentry","category-crime-violencia-e-criminologia","category-livros","category-seguranca-publica-e-defesa"],"views":285,"_links":{"self":[{"href":"https:\/\/www.bibliotecadeseguranca.com.br\/fr\/wp-json\/wp\/v2\/posts\/8937","targetHints":{"allow":["GET"]}}],"collection":[{"href":"https:\/\/www.bibliotecadeseguranca.com.br\/fr\/wp-json\/wp\/v2\/posts"}],"about":[{"href":"https:\/\/www.bibliotecadeseguranca.com.br\/fr\/wp-json\/wp\/v2\/types\/post"}],"author":[{"embeddable":true,"href":"https:\/\/www.bibliotecadeseguranca.com.br\/fr\/wp-json\/wp\/v2\/users\/3"}],"replies":[{"embeddable":true,"href":"https:\/\/www.bibliotecadeseguranca.com.br\/fr\/wp-json\/wp\/v2\/comments?post=8937"}],"version-history":[{"count":2,"href":"https:\/\/www.bibliotecadeseguranca.com.br\/fr\/wp-json\/wp\/v2\/posts\/8937\/revisions"}],"predecessor-version":[{"id":10174,"href":"https:\/\/www.bibliotecadeseguranca.com.br\/fr\/wp-json\/wp\/v2\/posts\/8937\/revisions\/10174"}],"wp:featuredmedia":[{"embeddable":true,"href":"https:\/\/www.bibliotecadeseguranca.com.br\/fr\/wp-json\/wp\/v2\/media\/8938"}],"wp:attachment":[{"href":"https:\/\/www.bibliotecadeseguranca.com.br\/fr\/wp-json\/wp\/v2\/media?parent=8937"}],"wp:term":[{"taxonomy":"category","embeddable":true,"href":"https:\/\/www.bibliotecadeseguranca.com.br\/fr\/wp-json\/wp\/v2\/categories?post=8937"},{"taxonomy":"post_tag","embeddable":true,"href":"https:\/\/www.bibliotecadeseguranca.com.br\/fr\/wp-json\/wp\/v2\/tags?post=8937"}],"curies":[{"name":"wp","href":"https:\/\/api.w.org\/{rel}","templated":true}]}}