{"id":8905,"date":"2013-11-07T08:20:03","date_gmt":"2013-11-07T11:20:03","guid":{"rendered":"http:\/\/www.bibliotecadeseguranca.com.br\/fr\/?p=8905"},"modified":"2014-02-05T22:38:56","modified_gmt":"2014-02-06T01:38:56","slug":"organizacao-da-informacao-e-do-conhecimento","status":"publish","type":"post","link":"https:\/\/www.bibliotecadeseguranca.com.br\/fr\/livros\/organizacao-da-informacao-e-do-conhecimento\/","title":{"rendered":"Organiza\u00e7\u00e3o da Informa\u00e7\u00e3o e do Conhecimento"},"content":{"rendered":"<p><strong><img loading=\"lazy\" decoding=\"async\" class=\"alignleft size-full wp-image-8906\" alt=\"Organiza\u00e7\u00e3o da Informa\u00e7\u00e3o e do Conhecimento\" src=\"http:\/\/www.bibliotecadeseguranca.com.br\/fr\/wp-content\/uploads\/2013\/11\/organizacao-da-informacao-e-do-conhecimento.jpg\" width=\"145\" height=\"215\" srcset=\"https:\/\/www.bibliotecadeseguranca.com.br\/fr\/wp-content\/uploads\/2013\/11\/organizacao-da-informacao-e-do-conhecimento.jpg 145w, https:\/\/www.bibliotecadeseguranca.com.br\/fr\/wp-content\/uploads\/2013\/11\/organizacao-da-informacao-e-do-conhecimento-101x150.jpg 101w\" sizes=\"auto, (max-width: 145px) 100vw, 145px\" \/><span style=\"color: #003366;\">Lillian Alvares<\/span><\/strong><\/p>\n<p><span style=\"color: #003366;\"><strong>Editor B4<\/strong><\/span><\/p>\n<p><span style=\"color: #003366;\"><strong>Descripci\u00f3n:<\/strong><\/span> Como analisar informa\u00e7\u00e3o e conhecimento? De que maneira compreendemos e apresentamos informa\u00e7\u00e3o e conhecimento? Que padr\u00f5es utilizar para organizar e recuperar informa\u00e7\u00e3o? S\u00e3o estes os temas tratados nessa obra, que apresenta contribui\u00e7\u00f5es sobre v\u00e1rios aspectos conceituais, te\u00f3ricos e pr\u00e1ticos que caracterizam a \u00e1rea de pesquisa da ci\u00eancia da informa\u00e7\u00e3o. Processos centrais da cadeia documental e vitais para o ciclo da informa\u00e7\u00e3o e a organiza\u00e7\u00e3o do conhecimento revestem-se de interesse particular para a ci\u00eancia da informa\u00e7\u00e3o. Os estudos descortinam a natureza complexa de organizar e representar informa\u00e7\u00e3o e conhecimento, instigando os pesquisadores a seguir novos rumos de pesquisa, revendo ou revalidando velhos direcionamentos esquecidos e ignorados, sendo por isso uma alavanca a mais para os estudantes de biblioteconomia.<\/p>\n","protected":false},"excerpt":{"rendered":"<p>Lillian Alvares Editor B4 Descripci\u00f3n: Como analisar informa\u00e7\u00e3o e conhecimento? De que maneira compreendemos e apresentamos informa\u00e7\u00e3o e conhecimento? Que padr\u00f5es utilizar para organizar e recuperar informa\u00e7\u00e3o? S\u00e3o estes os temas tratados nessa obra, que apresenta contribui\u00e7\u00f5es sobre v\u00e1rios aspectos conceituais, te\u00f3ricos e pr\u00e1ticos que caracterizam a \u00e1rea de pesquisa da ci\u00eancia da informa\u00e7\u00e3o. Processos centrais da cadeia documental e vitais para o ciclo da informa\u00e7\u00e3o e a organiza\u00e7\u00e3o do&hellip; <\/p>\n","protected":false},"author":3,"featured_media":8906,"comment_status":"open","ping_status":"closed","sticky":false,"template":"","format":"standard","meta":{"footnotes":""},"categories":[30,6],"tags":[],"class_list":["post-8905","post","type-post","status-publish","format-standard","has-post-thumbnail","hentry","category-espionagem-e-inteligencia-competitiva","category-livros"],"views":423,"_links":{"self":[{"href":"https:\/\/www.bibliotecadeseguranca.com.br\/fr\/wp-json\/wp\/v2\/posts\/8905","targetHints":{"allow":["GET"]}}],"collection":[{"href":"https:\/\/www.bibliotecadeseguranca.com.br\/fr\/wp-json\/wp\/v2\/posts"}],"about":[{"href":"https:\/\/www.bibliotecadeseguranca.com.br\/fr\/wp-json\/wp\/v2\/types\/post"}],"author":[{"embeddable":true,"href":"https:\/\/www.bibliotecadeseguranca.com.br\/fr\/wp-json\/wp\/v2\/users\/3"}],"replies":[{"embeddable":true,"href":"https:\/\/www.bibliotecadeseguranca.com.br\/fr\/wp-json\/wp\/v2\/comments?post=8905"}],"version-history":[{"count":2,"href":"https:\/\/www.bibliotecadeseguranca.com.br\/fr\/wp-json\/wp\/v2\/posts\/8905\/revisions"}],"predecessor-version":[{"id":10144,"href":"https:\/\/www.bibliotecadeseguranca.com.br\/fr\/wp-json\/wp\/v2\/posts\/8905\/revisions\/10144"}],"wp:featuredmedia":[{"embeddable":true,"href":"https:\/\/www.bibliotecadeseguranca.com.br\/fr\/wp-json\/wp\/v2\/media\/8906"}],"wp:attachment":[{"href":"https:\/\/www.bibliotecadeseguranca.com.br\/fr\/wp-json\/wp\/v2\/media?parent=8905"}],"wp:term":[{"taxonomy":"category","embeddable":true,"href":"https:\/\/www.bibliotecadeseguranca.com.br\/fr\/wp-json\/wp\/v2\/categories?post=8905"},{"taxonomy":"post_tag","embeddable":true,"href":"https:\/\/www.bibliotecadeseguranca.com.br\/fr\/wp-json\/wp\/v2\/tags?post=8905"}],"curies":[{"name":"wp","href":"https:\/\/api.w.org\/{rel}","templated":true}]}}