{"id":8854,"date":"2013-10-25T08:40:45","date_gmt":"2013-10-25T11:40:45","guid":{"rendered":"http:\/\/www.bibliotecadeseguranca.com.br\/fr\/?p=8854"},"modified":"2014-02-05T22:38:34","modified_gmt":"2014-02-06T01:38:34","slug":"gestao-estrategica-da-tecnologia-da-informacao","status":"publish","type":"post","link":"https:\/\/www.bibliotecadeseguranca.com.br\/fr\/livros\/gestao-estrategica-da-tecnologia-da-informacao\/","title":{"rendered":"Gest\u00e3o Estrat\u00e9gica da Tecnologia da Informa\u00e7\u00e3o"},"content":{"rendered":"<p><strong><img loading=\"lazy\" decoding=\"async\" class=\"alignleft size-full wp-image-8855\" alt=\"Gest\u00e3o Estrat\u00e9gica da Tecnologia da Informa\u00e7\u00e3o\" src=\"http:\/\/www.bibliotecadeseguranca.com.br\/fr\/wp-content\/uploads\/2013\/10\/gestao-estrategica-da-tecnologia-da-informacao.jpg\" width=\"145\" height=\"205\" srcset=\"https:\/\/www.bibliotecadeseguranca.com.br\/fr\/wp-content\/uploads\/2013\/10\/gestao-estrategica-da-tecnologia-da-informacao.jpg 145w, https:\/\/www.bibliotecadeseguranca.com.br\/fr\/wp-content\/uploads\/2013\/10\/gestao-estrategica-da-tecnologia-da-informacao-106x150.jpg 106w\" sizes=\"auto, (max-width: 145px) 100vw, 145px\" \/><span style=\"color: #003366;\">Getulio K. Akabane<\/span><\/strong><\/p>\n<p><span style=\"color: #003366;\"><strong>Editor Atlas<\/strong><\/span><\/p>\n<p><span style=\"color: #003366;\"><strong>Descripci\u00f3n:<\/strong><\/span> A presente obra \u00e9 fruto da experi\u00eancia profissional do autor junto a empresas, na pesquisa cient\u00edfica e atividade docente nos cursos superiores de gradua\u00e7\u00e3o e p\u00f3s-gradua\u00e7\u00e3o nos \u00faltimos dez anos. O texto identifica a informa\u00e7\u00e3o como personagem central na formula\u00e7\u00e3o do plano estrat\u00e9gico dos neg\u00f3cios e a import\u00e2ncia do alinhamento estrat\u00e9gico com o plano estrat\u00e9gico da TI para remar todos na mesma dire\u00e7\u00e3o de forma que os neg\u00f3cios e a TI trabalhem em conjunto para alcan\u00e7ar objetivo comum.<\/p>\n<p>O autor procura conceituar os termos pertinentes aos neg\u00f3cios e \u00e0 TI, bem como aos de dom\u00ednio comum na formula\u00e7\u00e3o, implementa\u00e7\u00e3o e avalia\u00e7\u00e3o do planejamento estrat\u00e9gico juntamente com suas estruturas, metodologias de desenvolvimento, as t\u00e9cnicas e ferramentas de monitoramento e de opera\u00e7\u00e3o.<\/p>\n<p>Entre outros assuntos abordados, o livro destaca a transpar\u00eancia das pr\u00e1ticas da governan\u00e7a corporativa como meio de manter a confian\u00e7a do p\u00fablico na cria\u00e7\u00e3o de riqueza das entidades empresariais e um di\u00e1logo aberto sobre estas pr\u00e1ticas que levam a reflex\u00f5es sobre sua din\u00e2mica e suas rela\u00e7\u00f5es de interdepend\u00eancia que constituem o ambiente corporativo. Ao passo que a Governan\u00e7a da TI \u00e9 composta pela estrutura e processos para garantir que as organiza\u00e7\u00f5es possam implantar adequadamente os investimentos em TI e que os programas, os projetos e as opera\u00e7\u00f5es s\u00e3o realizados corretamente para que os resultados desejados sejam alcan\u00e7ados.<\/p>\n<p>Dessa forma, o conte\u00fado abrange o campo dos neg\u00f3cios desde o seu ambiente, a estrutura e os processos, contrapondo-o com o contexto da TI e os recursos, raz\u00e3o pela qual a obra se caracteriza por possuir car\u00e1ter multidisciplinar.<\/p>\n<p>Livro recomendado ao p\u00fablico docente, discente e pesquisadores nos cursos de Engenharia e Ci\u00eancias da Computa\u00e7\u00e3o, Tecnologia em Inform\u00e1tica e Gest\u00e3o de neg\u00f3cios, Administra\u00e7\u00e3o e Consultores de Inform\u00e1tica e de Neg\u00f3cios.<\/p>\n","protected":false},"excerpt":{"rendered":"<p>Getulio K. Akabane Editor Atlas Descripci\u00f3n: A presente obra \u00e9 fruto da experi\u00eancia profissional do autor junto a empresas, na pesquisa cient\u00edfica e atividade docente nos cursos superiores de gradua\u00e7\u00e3o e p\u00f3s-gradua\u00e7\u00e3o nos \u00faltimos dez anos. O texto identifica a informa\u00e7\u00e3o como personagem central na formula\u00e7\u00e3o do plano estrat\u00e9gico dos neg\u00f3cios e a import\u00e2ncia do alinhamento estrat\u00e9gico com o plano estrat\u00e9gico da TI para remar todos na mesma dire\u00e7\u00e3o de&hellip; <\/p>\n","protected":false},"author":3,"featured_media":8855,"comment_status":"open","ping_status":"closed","sticky":false,"template":"","format":"standard","meta":{"footnotes":""},"categories":[14,30,6,20],"tags":[],"class_list":["post-8854","post","type-post","status-publish","format-standard","has-post-thumbnail","hentry","category-administracao-e-estrategia-empresarial","category-espionagem-e-inteligencia-competitiva","category-livros","category-seguranca-da-informacao"],"views":256,"_links":{"self":[{"href":"https:\/\/www.bibliotecadeseguranca.com.br\/fr\/wp-json\/wp\/v2\/posts\/8854","targetHints":{"allow":["GET"]}}],"collection":[{"href":"https:\/\/www.bibliotecadeseguranca.com.br\/fr\/wp-json\/wp\/v2\/posts"}],"about":[{"href":"https:\/\/www.bibliotecadeseguranca.com.br\/fr\/wp-json\/wp\/v2\/types\/post"}],"author":[{"embeddable":true,"href":"https:\/\/www.bibliotecadeseguranca.com.br\/fr\/wp-json\/wp\/v2\/users\/3"}],"replies":[{"embeddable":true,"href":"https:\/\/www.bibliotecadeseguranca.com.br\/fr\/wp-json\/wp\/v2\/comments?post=8854"}],"version-history":[{"count":2,"href":"https:\/\/www.bibliotecadeseguranca.com.br\/fr\/wp-json\/wp\/v2\/posts\/8854\/revisions"}],"predecessor-version":[{"id":10148,"href":"https:\/\/www.bibliotecadeseguranca.com.br\/fr\/wp-json\/wp\/v2\/posts\/8854\/revisions\/10148"}],"wp:featuredmedia":[{"embeddable":true,"href":"https:\/\/www.bibliotecadeseguranca.com.br\/fr\/wp-json\/wp\/v2\/media\/8855"}],"wp:attachment":[{"href":"https:\/\/www.bibliotecadeseguranca.com.br\/fr\/wp-json\/wp\/v2\/media?parent=8854"}],"wp:term":[{"taxonomy":"category","embeddable":true,"href":"https:\/\/www.bibliotecadeseguranca.com.br\/fr\/wp-json\/wp\/v2\/categories?post=8854"},{"taxonomy":"post_tag","embeddable":true,"href":"https:\/\/www.bibliotecadeseguranca.com.br\/fr\/wp-json\/wp\/v2\/tags?post=8854"}],"curies":[{"name":"wp","href":"https:\/\/api.w.org\/{rel}","templated":true}]}}