{"id":8851,"date":"2013-10-24T08:40:44","date_gmt":"2013-10-24T11:40:44","guid":{"rendered":"http:\/\/www.bibliotecadeseguranca.com.br\/fr\/?p=8851"},"modified":"2014-02-05T22:38:40","modified_gmt":"2014-02-06T01:38:40","slug":"crime-e-cidades","status":"publish","type":"post","link":"https:\/\/www.bibliotecadeseguranca.com.br\/fr\/livros\/crime-e-cidades\/","title":{"rendered":"Crime e Cidades"},"content":{"rendered":"<p><strong><img loading=\"lazy\" decoding=\"async\" class=\"alignleft size-full wp-image-8852\" alt=\"Crime e Cidades\" src=\"http:\/\/www.bibliotecadeseguranca.com.br\/fr\/wp-content\/uploads\/2013\/10\/crime-e-cidades.jpg\" width=\"145\" height=\"202\" srcset=\"https:\/\/www.bibliotecadeseguranca.com.br\/fr\/wp-content\/uploads\/2013\/10\/crime-e-cidades.jpg 145w, https:\/\/www.bibliotecadeseguranca.com.br\/fr\/wp-content\/uploads\/2013\/10\/crime-e-cidades-107x150.jpg 107w\" sizes=\"auto, (max-width: 145px) 100vw, 145px\" \/><span style=\"color: #003366;\">Claudio Beato<\/span><\/strong><\/p>\n<p><span style=\"color: #003366;\"><strong>Editor UFMG<\/strong><\/span><\/p>\n<p><span style=\"color: #003366;\"><strong>Descripci\u00f3n:<\/strong><\/span> Este livro procura abordar as interconex\u00f5es entre crime, pol\u00edticas p\u00fablicas e organiza\u00e7\u00f5es policiais em ambientes urbanos e os dados e indicadores necess\u00e1rios para a compreens\u00e3o dessas dimens\u00f5es. Busca lidar com alguns aspectos insepar\u00e1veis do desenvolvimento das cidades, especialmente no formato que ele adquiriu nas grandes cidades latino-americanas, dominadas pela ocupa\u00e7\u00e3o informal de largas parcelas dos territ\u00f3rios urbanos e pela rarefa\u00e7\u00e3o de mecanismos de controle social, especialmente nas periferias.<\/p>\n","protected":false},"excerpt":{"rendered":"<p>Claudio Beato Editor UFMG Descripci\u00f3n: Este livro procura abordar as interconex\u00f5es entre crime, pol\u00edticas p\u00fablicas e organiza\u00e7\u00f5es policiais em ambientes urbanos e os dados e indicadores necess\u00e1rios para a compreens\u00e3o dessas dimens\u00f5es. Busca lidar com alguns aspectos insepar\u00e1veis do desenvolvimento das cidades, especialmente no formato que ele adquiriu nas grandes cidades latino-americanas, dominadas pela ocupa\u00e7\u00e3o informal de largas parcelas dos territ\u00f3rios urbanos e pela rarefa\u00e7\u00e3o de mecanismos de controle social,&hellip; <\/p>\n","protected":false},"author":3,"featured_media":8852,"comment_status":"open","ping_status":"closed","sticky":false,"template":"","format":"standard","meta":{"footnotes":""},"categories":[10,6,25],"tags":[],"class_list":["post-8851","post","type-post","status-publish","format-standard","has-post-thumbnail","hentry","category-crime-violencia-e-criminologia","category-livros","category-seguranca-publica-e-defesa"],"views":284,"_links":{"self":[{"href":"https:\/\/www.bibliotecadeseguranca.com.br\/fr\/wp-json\/wp\/v2\/posts\/8851","targetHints":{"allow":["GET"]}}],"collection":[{"href":"https:\/\/www.bibliotecadeseguranca.com.br\/fr\/wp-json\/wp\/v2\/posts"}],"about":[{"href":"https:\/\/www.bibliotecadeseguranca.com.br\/fr\/wp-json\/wp\/v2\/types\/post"}],"author":[{"embeddable":true,"href":"https:\/\/www.bibliotecadeseguranca.com.br\/fr\/wp-json\/wp\/v2\/users\/3"}],"replies":[{"embeddable":true,"href":"https:\/\/www.bibliotecadeseguranca.com.br\/fr\/wp-json\/wp\/v2\/comments?post=8851"}],"version-history":[{"count":2,"href":"https:\/\/www.bibliotecadeseguranca.com.br\/fr\/wp-json\/wp\/v2\/posts\/8851\/revisions"}],"predecessor-version":[{"id":10147,"href":"https:\/\/www.bibliotecadeseguranca.com.br\/fr\/wp-json\/wp\/v2\/posts\/8851\/revisions\/10147"}],"wp:featuredmedia":[{"embeddable":true,"href":"https:\/\/www.bibliotecadeseguranca.com.br\/fr\/wp-json\/wp\/v2\/media\/8852"}],"wp:attachment":[{"href":"https:\/\/www.bibliotecadeseguranca.com.br\/fr\/wp-json\/wp\/v2\/media?parent=8851"}],"wp:term":[{"taxonomy":"category","embeddable":true,"href":"https:\/\/www.bibliotecadeseguranca.com.br\/fr\/wp-json\/wp\/v2\/categories?post=8851"},{"taxonomy":"post_tag","embeddable":true,"href":"https:\/\/www.bibliotecadeseguranca.com.br\/fr\/wp-json\/wp\/v2\/tags?post=8851"}],"curies":[{"name":"wp","href":"https:\/\/api.w.org\/{rel}","templated":true}]}}