{"id":8848,"date":"2013-10-23T08:40:44","date_gmt":"2013-10-23T11:40:44","guid":{"rendered":"http:\/\/www.bibliotecadeseguranca.com.br\/fr\/?p=8848"},"modified":"2014-02-05T22:38:45","modified_gmt":"2014-02-06T01:38:45","slug":"la-securite-en-entreprise","status":"publish","type":"post","link":"https:\/\/www.bibliotecadeseguranca.com.br\/fr\/livros\/la-securite-en-entreprise\/","title":{"rendered":"La S\u00e9curit\u00e9 en Entreprise"},"content":{"rendered":"<p><strong><img loading=\"lazy\" decoding=\"async\" class=\"alignleft size-full wp-image-8849\" alt=\"La S\u00e9curit\u00e9 en Entreprise\" src=\"http:\/\/www.bibliotecadeseguranca.com.br\/fr\/wp-content\/uploads\/2013\/10\/la-securite-en-entreprise.jpg\" width=\"145\" height=\"217\" srcset=\"https:\/\/www.bibliotecadeseguranca.com.br\/fr\/wp-content\/uploads\/2013\/10\/la-securite-en-entreprise.jpg 145w, https:\/\/www.bibliotecadeseguranca.com.br\/fr\/wp-content\/uploads\/2013\/10\/la-securite-en-entreprise-100x150.jpg 100w\" sizes=\"auto, (max-width: 145px) 100vw, 145px\" \/><span style=\"color: #003366;\">Olivier Hassid, Alexandre Masraff<\/span><\/strong><\/p>\n<p><span style=\"color: #003366;\"><strong>Editor Maxima Laurent du Mesnil<\/strong><\/span><\/p>\n<p><span style=\"color: #003366;\"><strong>Descripci\u00f3n:<\/strong><\/span> Comment l&#8217;entreprise doit-elle s&#8217;organiser pour assumer sa responsabilit\u00e9 dans la s\u00e9curit\u00e9 des personnels, la pr\u00e9vention des vols, la protection des r\u00e9seaux informatiques, la lutte contre la fraude. etc.? Comment allier respect des obligations r\u00e9glementaires et efficacit\u00e9 maximale? Comment mettre en place des structures de s\u00e9curit\u00e9 coh\u00e9rentes et p\u00e9rennes? Comme l&#8217;\u00e9crit dans sa pr\u00e9face Fr\u00e9d\u00e9ric P\u00e9chenard, Directeur G\u00e9n\u00e9ral de la Police Nationale: &#8220;le livre d&#8217;Olivier Hassid et Alexandre Masraff fera certainement date parmi les ouvrages de r\u00e9f\u00e9rence dans le domaine de la s\u00e9curit\u00e9 d&#8217;entreprise. Il d\u00e9montre d&#8217;une part tout le chemin parcouru par un certain nombre d&#8217;entreprises en la mati\u00e8re et se propose d&#8217;autre part de tirer les enseignements et de pr\u00e9senter les meilleures pratiques qu&#8217;elles ont d\u00e9velopp\u00e9es&#8221;. Il ajoute: &#8220;ce livre est \u00e0 la fois utile pour les acteurs priv\u00e9s qui souhaitent mettre en place au sein de leur entreprise une politique de s\u00e9curit\u00e9, mais \u00e9galement pour les partenaires publics qui souhaitent mieux comprendre les probl\u00e9matiques du secteur priv\u00e9.&#8221;<\/p>\n","protected":false},"excerpt":{"rendered":"<p>Olivier Hassid, Alexandre Masraff Editor Maxima Laurent du Mesnil Descripci\u00f3n: Comment l&#8217;entreprise doit-elle s&#8217;organiser pour assumer sa responsabilit\u00e9 dans la s\u00e9curit\u00e9 des personnels, la pr\u00e9vention des vols, la protection des r\u00e9seaux informatiques, la lutte contre la fraude. etc.? Comment allier respect des obligations r\u00e9glementaires et efficacit\u00e9 maximale? Comment mettre en place des structures de s\u00e9curit\u00e9 coh\u00e9rentes et p\u00e9rennes? Comme l&#8217;\u00e9crit dans sa pr\u00e9face Fr\u00e9d\u00e9ric P\u00e9chenard, Directeur G\u00e9n\u00e9ral de la Police&hellip; <\/p>\n","protected":false},"author":3,"featured_media":8849,"comment_status":"open","ping_status":"closed","sticky":false,"template":"","format":"standard","meta":{"footnotes":""},"categories":[109,23,6],"tags":[],"class_list":["post-8848","post","type-post","status-publish","format-standard","has-post-thumbnail","hentry","category-francais","category-gestao-da-seguranca-empresarial","category-livros"],"views":309,"_links":{"self":[{"href":"https:\/\/www.bibliotecadeseguranca.com.br\/fr\/wp-json\/wp\/v2\/posts\/8848","targetHints":{"allow":["GET"]}}],"collection":[{"href":"https:\/\/www.bibliotecadeseguranca.com.br\/fr\/wp-json\/wp\/v2\/posts"}],"about":[{"href":"https:\/\/www.bibliotecadeseguranca.com.br\/fr\/wp-json\/wp\/v2\/types\/post"}],"author":[{"embeddable":true,"href":"https:\/\/www.bibliotecadeseguranca.com.br\/fr\/wp-json\/wp\/v2\/users\/3"}],"replies":[{"embeddable":true,"href":"https:\/\/www.bibliotecadeseguranca.com.br\/fr\/wp-json\/wp\/v2\/comments?post=8848"}],"version-history":[{"count":2,"href":"https:\/\/www.bibliotecadeseguranca.com.br\/fr\/wp-json\/wp\/v2\/posts\/8848\/revisions"}],"predecessor-version":[{"id":10146,"href":"https:\/\/www.bibliotecadeseguranca.com.br\/fr\/wp-json\/wp\/v2\/posts\/8848\/revisions\/10146"}],"wp:featuredmedia":[{"embeddable":true,"href":"https:\/\/www.bibliotecadeseguranca.com.br\/fr\/wp-json\/wp\/v2\/media\/8849"}],"wp:attachment":[{"href":"https:\/\/www.bibliotecadeseguranca.com.br\/fr\/wp-json\/wp\/v2\/media?parent=8848"}],"wp:term":[{"taxonomy":"category","embeddable":true,"href":"https:\/\/www.bibliotecadeseguranca.com.br\/fr\/wp-json\/wp\/v2\/categories?post=8848"},{"taxonomy":"post_tag","embeddable":true,"href":"https:\/\/www.bibliotecadeseguranca.com.br\/fr\/wp-json\/wp\/v2\/tags?post=8848"}],"curies":[{"name":"wp","href":"https:\/\/api.w.org\/{rel}","templated":true}]}}