{"id":8828,"date":"2013-10-18T09:40:44","date_gmt":"2013-10-18T12:40:44","guid":{"rendered":"http:\/\/www.bibliotecadeseguranca.com.br\/fr\/?p=8828"},"modified":"2014-02-05T22:44:29","modified_gmt":"2014-02-06T01:44:29","slug":"inteligencia-de-seguranca-publica-sisd","status":"publish","type":"post","link":"https:\/\/www.bibliotecadeseguranca.com.br\/fr\/livros\/inteligencia-de-seguranca-publica-sisd\/","title":{"rendered":"Intelig\u00eancia de Seguran\u00e7a P\u00fablica"},"content":{"rendered":"<p><strong><img loading=\"lazy\" decoding=\"async\" class=\"alignleft size-full wp-image-8829\" alt=\"Intelig\u00eancia de Seguran\u00e7a P\u00fablica\" src=\"http:\/\/www.bibliotecadeseguranca.com.br\/fr\/wp-content\/uploads\/2013\/10\/inteligencia-de-seguranca-publica.jpg\" width=\"145\" height=\"212\" srcset=\"https:\/\/www.bibliotecadeseguranca.com.br\/fr\/wp-content\/uploads\/2013\/10\/inteligencia-de-seguranca-publica.jpg 145w, https:\/\/www.bibliotecadeseguranca.com.br\/fr\/wp-content\/uploads\/2013\/10\/inteligencia-de-seguranca-publica-102x150.jpg 102w\" sizes=\"auto, (max-width: 145px) 100vw, 145px\" \/><span style=\"color: #003366;\">Priscila Carlos Brand\u00e3o, Marco Cepik<\/span><\/strong><\/p>\n<p><span style=\"color: #003366;\"><strong>Editor Impetus<\/strong><\/span><\/p>\n<p><span style=\"color: #003366;\"><strong>Descripci\u00f3n:<\/strong><\/span> Com o objetivo de apresentar perspectivas e problemas diversos sobre um tema pouco explorado na sociedade contempor\u00e2nea, a obra oferece uma vis\u00e3o ampla da atividade de intelig\u00eancia de seguran\u00e7a p\u00fablica no Brasil, seus desafios na teoria e na pr\u00e1tica. Para contribuir com esse debate, foram convidados renomados pesquisadores de diferentes origens e forma\u00e7\u00f5es, bem como operadores de diversas institui\u00e7\u00f5es brasileiras &#8211; estaduais e federais. S\u00e3o abordados temas como as novas propostas para a seguran\u00e7a p\u00fablica, intelig\u00eancia policial e controle da criminalidade na democracia, contraintelig\u00eancia penitenci\u00e1ria e t\u00e9cnicas de entrevista na investiga\u00e7\u00e3o criminal, entre outros. Intelig\u00eancia de Seguran\u00e7a P\u00fablica: Teoria e Pr\u00e1tica no Controle da Criminalidade \u00e9 uma obra de refer\u00eancia, fundamental para os profissionais de servi\u00e7o de intelig\u00eancia, como policiais, militares, governantes, parlamentares e pesquisadores. Os textos foram escritos de maneira clara e did\u00e1tica, sendo acess\u00edveis tamb\u00e9m ao p\u00fablico n\u00e3o especializado.<\/p>\n","protected":false},"excerpt":{"rendered":"<p>Priscila Carlos Brand\u00e3o, Marco Cepik Editor Impetus Descripci\u00f3n: Com o objetivo de apresentar perspectivas e problemas diversos sobre um tema pouco explorado na sociedade contempor\u00e2nea, a obra oferece uma vis\u00e3o ampla da atividade de intelig\u00eancia de seguran\u00e7a p\u00fablica no Brasil, seus desafios na teoria e na pr\u00e1tica. Para contribuir com esse debate, foram convidados renomados pesquisadores de diferentes origens e forma\u00e7\u00f5es, bem como operadores de diversas institui\u00e7\u00f5es brasileiras &#8211; estaduais&hellip; <\/p>\n","protected":false},"author":3,"featured_media":8829,"comment_status":"open","ping_status":"closed","sticky":false,"template":"","format":"standard","meta":{"footnotes":""},"categories":[6,25],"tags":[],"class_list":["post-8828","post","type-post","status-publish","format-standard","has-post-thumbnail","hentry","category-livros","category-seguranca-publica-e-defesa"],"views":382,"_links":{"self":[{"href":"https:\/\/www.bibliotecadeseguranca.com.br\/fr\/wp-json\/wp\/v2\/posts\/8828","targetHints":{"allow":["GET"]}}],"collection":[{"href":"https:\/\/www.bibliotecadeseguranca.com.br\/fr\/wp-json\/wp\/v2\/posts"}],"about":[{"href":"https:\/\/www.bibliotecadeseguranca.com.br\/fr\/wp-json\/wp\/v2\/types\/post"}],"author":[{"embeddable":true,"href":"https:\/\/www.bibliotecadeseguranca.com.br\/fr\/wp-json\/wp\/v2\/users\/3"}],"replies":[{"embeddable":true,"href":"https:\/\/www.bibliotecadeseguranca.com.br\/fr\/wp-json\/wp\/v2\/comments?post=8828"}],"version-history":[{"count":2,"href":"https:\/\/www.bibliotecadeseguranca.com.br\/fr\/wp-json\/wp\/v2\/posts\/8828\/revisions"}],"predecessor-version":[{"id":10138,"href":"https:\/\/www.bibliotecadeseguranca.com.br\/fr\/wp-json\/wp\/v2\/posts\/8828\/revisions\/10138"}],"wp:featuredmedia":[{"embeddable":true,"href":"https:\/\/www.bibliotecadeseguranca.com.br\/fr\/wp-json\/wp\/v2\/media\/8829"}],"wp:attachment":[{"href":"https:\/\/www.bibliotecadeseguranca.com.br\/fr\/wp-json\/wp\/v2\/media?parent=8828"}],"wp:term":[{"taxonomy":"category","embeddable":true,"href":"https:\/\/www.bibliotecadeseguranca.com.br\/fr\/wp-json\/wp\/v2\/categories?post=8828"},{"taxonomy":"post_tag","embeddable":true,"href":"https:\/\/www.bibliotecadeseguranca.com.br\/fr\/wp-json\/wp\/v2\/tags?post=8828"}],"curies":[{"name":"wp","href":"https:\/\/api.w.org\/{rel}","templated":true}]}}