{"id":8822,"date":"2013-10-16T09:40:18","date_gmt":"2013-10-16T12:40:18","guid":{"rendered":"http:\/\/www.bibliotecadeseguranca.com.br\/fr\/?p=8822"},"modified":"2014-02-05T22:44:42","modified_gmt":"2014-02-06T01:44:42","slug":"videosurveillance-et-videoprotection","status":"publish","type":"post","link":"https:\/\/www.bibliotecadeseguranca.com.br\/fr\/livros\/videosurveillance-et-videoprotection\/","title":{"rendered":"Vid\u00e9osurveillance et Vid\u00e9oprotection"},"content":{"rendered":"<p><strong><img loading=\"lazy\" decoding=\"async\" class=\"alignleft size-full wp-image-8823\" alt=\"Vid\u00e9osurveillance et Vid\u00e9oprotection\" src=\"http:\/\/www.bibliotecadeseguranca.com.br\/fr\/wp-content\/uploads\/2013\/10\/videosurveillance-et-videoprotection.jpg\" width=\"145\" height=\"222\" srcset=\"https:\/\/www.bibliotecadeseguranca.com.br\/fr\/wp-content\/uploads\/2013\/10\/videosurveillance-et-videoprotection.jpg 145w, https:\/\/www.bibliotecadeseguranca.com.br\/fr\/wp-content\/uploads\/2013\/10\/videosurveillance-et-videoprotection-97x150.jpg 97w\" sizes=\"auto, (max-width: 145px) 100vw, 145px\" \/><span style=\"color: #003366;\">Alain Bauer, Fran\u00e7ois Freynet<\/span><\/strong><\/p>\n<p><span style=\"color: #003366;\"><strong>Editor Presses Universitaires de France<\/strong><\/span><\/p>\n<p><span style=\"color: #003366;\"><strong>Descripci\u00f3n:<\/strong><\/span> La vid\u00e9osurveillance en g\u00e9n\u00e9ral, la vid\u00e9oprotection lorsque les Autorit\u00e9s publiques la met en oeuvre, sont-elles utiles ? n\u00e9cessaires ? efficaces ? dangereuses ? Au-del\u00e0 des controverses st\u00e9riles, r\u00e9pondre pertinemment \u00e0 ces questions n\u00e9cessite de mieux cerner les termes du d\u00e9bat et d&#8217;analyser les retours des exp\u00e9riences men\u00e9es depuis une vingtaine d&#8217;ann\u00e9es sur le terrain.<br \/>\nCet ouvrage propose un \u00e9tat des lieux du cadre l\u00e9gal et une analyse du niveau d&#8217;efficacit\u00e9 concr\u00e8te des dispositifs fond\u00e9e sur des \u00e9tudes de cas. Il pr\u00e9sente les perspectives du march\u00e9 \u00e0 ce jour et les principales \u00e9volutions techniques dans ce secteur. Il offre, enfin, une synth\u00e8se des questions \u00e9thiques et de soci\u00e9t\u00e9 pos\u00e9es par l&#8217;examen de ce que l&#8217;on peut conna\u00eetre aujourd&#8217;hui sur ce sujet.<\/p>\n","protected":false},"excerpt":{"rendered":"<p>Alain Bauer, Fran\u00e7ois Freynet Editor Presses Universitaires de France Descripci\u00f3n: La vid\u00e9osurveillance en g\u00e9n\u00e9ral, la vid\u00e9oprotection lorsque les Autorit\u00e9s publiques la met en oeuvre, sont-elles utiles ? n\u00e9cessaires ? efficaces ? dangereuses ? Au-del\u00e0 des controverses st\u00e9riles, r\u00e9pondre pertinemment \u00e0 ces questions n\u00e9cessite de mieux cerner les termes du d\u00e9bat et d&#8217;analyser les retours des exp\u00e9riences men\u00e9es depuis une vingtaine d&#8217;ann\u00e9es sur le terrain. Cet ouvrage propose un \u00e9tat des&hellip; <\/p>\n","protected":false},"author":3,"featured_media":8823,"comment_status":"open","ping_status":"closed","sticky":false,"template":"","format":"standard","meta":{"footnotes":""},"categories":[109,23,6,22,25],"tags":[],"class_list":["post-8822","post","type-post","status-publish","format-standard","has-post-thumbnail","hentry","category-francais","category-gestao-da-seguranca-empresarial","category-livros","category-seguranca-eletronica","category-seguranca-publica-e-defesa"],"views":225,"_links":{"self":[{"href":"https:\/\/www.bibliotecadeseguranca.com.br\/fr\/wp-json\/wp\/v2\/posts\/8822","targetHints":{"allow":["GET"]}}],"collection":[{"href":"https:\/\/www.bibliotecadeseguranca.com.br\/fr\/wp-json\/wp\/v2\/posts"}],"about":[{"href":"https:\/\/www.bibliotecadeseguranca.com.br\/fr\/wp-json\/wp\/v2\/types\/post"}],"author":[{"embeddable":true,"href":"https:\/\/www.bibliotecadeseguranca.com.br\/fr\/wp-json\/wp\/v2\/users\/3"}],"replies":[{"embeddable":true,"href":"https:\/\/www.bibliotecadeseguranca.com.br\/fr\/wp-json\/wp\/v2\/comments?post=8822"}],"version-history":[{"count":2,"href":"https:\/\/www.bibliotecadeseguranca.com.br\/fr\/wp-json\/wp\/v2\/posts\/8822\/revisions"}],"predecessor-version":[{"id":10136,"href":"https:\/\/www.bibliotecadeseguranca.com.br\/fr\/wp-json\/wp\/v2\/posts\/8822\/revisions\/10136"}],"wp:featuredmedia":[{"embeddable":true,"href":"https:\/\/www.bibliotecadeseguranca.com.br\/fr\/wp-json\/wp\/v2\/media\/8823"}],"wp:attachment":[{"href":"https:\/\/www.bibliotecadeseguranca.com.br\/fr\/wp-json\/wp\/v2\/media?parent=8822"}],"wp:term":[{"taxonomy":"category","embeddable":true,"href":"https:\/\/www.bibliotecadeseguranca.com.br\/fr\/wp-json\/wp\/v2\/categories?post=8822"},{"taxonomy":"post_tag","embeddable":true,"href":"https:\/\/www.bibliotecadeseguranca.com.br\/fr\/wp-json\/wp\/v2\/tags?post=8822"}],"curies":[{"name":"wp","href":"https:\/\/api.w.org\/{rel}","templated":true}]}}