{"id":8800,"date":"2013-10-10T09:40:54","date_gmt":"2013-10-10T12:40:54","guid":{"rendered":"http:\/\/www.bibliotecadeseguranca.com.br\/fr\/?p=8800"},"modified":"2014-02-05T22:45:21","modified_gmt":"2014-02-06T01:45:21","slug":"inquerito-policial","status":"publish","type":"post","link":"https:\/\/www.bibliotecadeseguranca.com.br\/fr\/livros\/inquerito-policial\/","title":{"rendered":"Inqu\u00e9rito Policial"},"content":{"rendered":"<p><strong><img loading=\"lazy\" decoding=\"async\" class=\"alignleft size-full wp-image-8801\" alt=\"Inqu\u00e9rito Policial\" src=\"http:\/\/www.bibliotecadeseguranca.com.br\/fr\/wp-content\/uploads\/2013\/10\/inquerito-policial.jpg\" width=\"145\" height=\"206\" srcset=\"https:\/\/www.bibliotecadeseguranca.com.br\/fr\/wp-content\/uploads\/2013\/10\/inquerito-policial.jpg 145w, https:\/\/www.bibliotecadeseguranca.com.br\/fr\/wp-content\/uploads\/2013\/10\/inquerito-policial-105x150.jpg 105w\" sizes=\"auto, (max-width: 145px) 100vw, 145px\" \/><span style=\"color: #003366;\">Rafael Vitola Brodbeck<\/span><\/strong><\/p>\n<p><span style=\"color: #003366;\"><strong>Editor N\u00faria Fabris<\/strong><\/span><\/p>\n<p><span style=\"color: #003366;\"><strong>Descripci\u00f3n:<\/strong><\/span> Trata-se de tema de suma relev\u00e2ncia, que n\u00e3o pode mais ser tratado acriticamente &#8211; na linha dos nossos tradicionais manuais, muito menos com posturas marcadas por um corporativismo cego, que n\u00e3o permite avan\u00e7os dogm\u00e1ticos e de pol\u00edcia criminal, o que acaba refletindo, n\u00e3o raramente, em uma aplica\u00e7\u00e3o pr\u00e1tica desvirtuada de t\u00e3o importante instrumento.<\/p>\n","protected":false},"excerpt":{"rendered":"<p>Rafael Vitola Brodbeck Editor N\u00faria Fabris Descripci\u00f3n: Trata-se de tema de suma relev\u00e2ncia, que n\u00e3o pode mais ser tratado acriticamente &#8211; na linha dos nossos tradicionais manuais, muito menos com posturas marcadas por um corporativismo cego, que n\u00e3o permite avan\u00e7os dogm\u00e1ticos e de pol\u00edcia criminal, o que acaba refletindo, n\u00e3o raramente, em uma aplica\u00e7\u00e3o pr\u00e1tica desvirtuada de t\u00e3o importante instrumento.<\/p>\n","protected":false},"author":3,"featured_media":8801,"comment_status":"open","ping_status":"closed","sticky":false,"template":"","format":"standard","meta":{"footnotes":""},"categories":[10,6,25],"tags":[],"class_list":["post-8800","post","type-post","status-publish","format-standard","has-post-thumbnail","hentry","category-crime-violencia-e-criminologia","category-livros","category-seguranca-publica-e-defesa"],"views":228,"_links":{"self":[{"href":"https:\/\/www.bibliotecadeseguranca.com.br\/fr\/wp-json\/wp\/v2\/posts\/8800","targetHints":{"allow":["GET"]}}],"collection":[{"href":"https:\/\/www.bibliotecadeseguranca.com.br\/fr\/wp-json\/wp\/v2\/posts"}],"about":[{"href":"https:\/\/www.bibliotecadeseguranca.com.br\/fr\/wp-json\/wp\/v2\/types\/post"}],"author":[{"embeddable":true,"href":"https:\/\/www.bibliotecadeseguranca.com.br\/fr\/wp-json\/wp\/v2\/users\/3"}],"replies":[{"embeddable":true,"href":"https:\/\/www.bibliotecadeseguranca.com.br\/fr\/wp-json\/wp\/v2\/comments?post=8800"}],"version-history":[{"count":2,"href":"https:\/\/www.bibliotecadeseguranca.com.br\/fr\/wp-json\/wp\/v2\/posts\/8800\/revisions"}],"predecessor-version":[{"id":10129,"href":"https:\/\/www.bibliotecadeseguranca.com.br\/fr\/wp-json\/wp\/v2\/posts\/8800\/revisions\/10129"}],"wp:featuredmedia":[{"embeddable":true,"href":"https:\/\/www.bibliotecadeseguranca.com.br\/fr\/wp-json\/wp\/v2\/media\/8801"}],"wp:attachment":[{"href":"https:\/\/www.bibliotecadeseguranca.com.br\/fr\/wp-json\/wp\/v2\/media?parent=8800"}],"wp:term":[{"taxonomy":"category","embeddable":true,"href":"https:\/\/www.bibliotecadeseguranca.com.br\/fr\/wp-json\/wp\/v2\/categories?post=8800"},{"taxonomy":"post_tag","embeddable":true,"href":"https:\/\/www.bibliotecadeseguranca.com.br\/fr\/wp-json\/wp\/v2\/tags?post=8800"}],"curies":[{"name":"wp","href":"https:\/\/api.w.org\/{rel}","templated":true}]}}