{"id":8770,"date":"2013-10-02T09:40:56","date_gmt":"2013-10-02T12:40:56","guid":{"rendered":"http:\/\/www.bibliotecadeseguranca.com.br\/fr\/?p=8770"},"modified":"2014-02-05T22:52:05","modified_gmt":"2014-02-06T01:52:05","slug":"la-securite-privee-en-france","status":"publish","type":"post","link":"https:\/\/www.bibliotecadeseguranca.com.br\/fr\/livros\/la-securite-privee-en-france\/","title":{"rendered":"La S\u00e9curit\u00e9 Priv\u00e9e en France"},"content":{"rendered":"<p><strong><img loading=\"lazy\" decoding=\"async\" class=\"alignleft size-full wp-image-8771\" alt=\"La S\u00e9curit\u00e9 Priv\u00e9e en France\" src=\"http:\/\/www.bibliotecadeseguranca.com.br\/fr\/wp-content\/uploads\/2013\/09\/la-securite-privee-en-france.jpg\" width=\"145\" height=\"222\" srcset=\"https:\/\/www.bibliotecadeseguranca.com.br\/fr\/wp-content\/uploads\/2013\/09\/la-securite-privee-en-france.jpg 145w, https:\/\/www.bibliotecadeseguranca.com.br\/fr\/wp-content\/uploads\/2013\/09\/la-securite-privee-en-france-97x150.jpg 97w\" sizes=\"auto, (max-width: 145px) 100vw, 145px\" \/><span style=\"color: #003366;\">Daniel Warfman, Fr\u00e9d\u00e9ric Ocqueteau<\/span><\/strong><\/p>\n<p><span style=\"color: #003366;\"><strong>Editor Presses Universitaires de France<\/strong><\/span><\/p>\n<p><span style=\"color: #003366;\"><strong>Descripci\u00f3n:<\/strong><\/span> La s\u00e9curit\u00e9 priv\u00e9e a, depuis trente ans, tr\u00e8s notablement diversifi\u00e9 la nature de ses nombreuses prestations. Elle conna\u00eet un v\u00e9ritable essor \u00e9conomique. Les activit\u00e9s de gardiennage en sont, historiquement, la traduction la plus commune. Mais les nouvelles technologies de surveillance \u00e0 distance ont renouvel\u00e9 l&#8217;activit\u00e9, permettant aux diff\u00e9rents agents de devenir plus efficaces dans des domaines d action de plus en plus segment\u00e9s (s\u00e9curit\u00e9 incendie, convoyage de valeurs, d\u00e9tection et renseignements, s\u00e9curit\u00e9 a\u00e9roportuaire, etc.).<br \/>\nParall\u00e8lement, les pouvoirs publics ont \u00e9volu\u00e9 dans leur perception de l&#8217;utilit\u00e9 sociale de ce secteur de l&#8217;\u00e9conomie des services. L&#8217;\u00c9tat incite m\u00eame de plus en plus fermement les entreprises \u00e0 se prot\u00e9ger par elles-m\u00eames contre des risques et des menaces et vuln\u00e9rabilit\u00e9s de toute nature, malveillantes ou autres. La &#8220;s\u00fbret\u00e9-s\u00e9curit\u00e9&#8221;, entendue comme &#8220;mise en protection des biens, des personnes et de l information&#8221;, au-del\u00e0 de rester un bien fondamental et un droit particulier garanti \u00e0 tous par l&#8217;\u00c9tat, est ainsi devenue une donn\u00e9e majeure de l&#8217;\u00e9conomie marchande des services.<br \/>\nCet ouvrage fait le point sur les \u00e9volutions l\u00e9gislatives, id\u00e9ologiques et des pratiques de ce secteur en pleine croissance.<\/p>\n","protected":false},"excerpt":{"rendered":"<p>Daniel Warfman, Fr\u00e9d\u00e9ric Ocqueteau Editor Presses Universitaires de France Descripci\u00f3n: La s\u00e9curit\u00e9 priv\u00e9e a, depuis trente ans, tr\u00e8s notablement diversifi\u00e9 la nature de ses nombreuses prestations. Elle conna\u00eet un v\u00e9ritable essor \u00e9conomique. Les activit\u00e9s de gardiennage en sont, historiquement, la traduction la plus commune. Mais les nouvelles technologies de surveillance \u00e0 distance ont renouvel\u00e9 l&#8217;activit\u00e9, permettant aux diff\u00e9rents agents de devenir plus efficaces dans des domaines d action de plus&hellip; <\/p>\n","protected":false},"author":3,"featured_media":8771,"comment_status":"open","ping_status":"closed","sticky":false,"template":"","format":"standard","meta":{"footnotes":""},"categories":[109,23,6],"tags":[],"class_list":["post-8770","post","type-post","status-publish","format-standard","has-post-thumbnail","hentry","category-francais","category-gestao-da-seguranca-empresarial","category-livros"],"views":395,"_links":{"self":[{"href":"https:\/\/www.bibliotecadeseguranca.com.br\/fr\/wp-json\/wp\/v2\/posts\/8770","targetHints":{"allow":["GET"]}}],"collection":[{"href":"https:\/\/www.bibliotecadeseguranca.com.br\/fr\/wp-json\/wp\/v2\/posts"}],"about":[{"href":"https:\/\/www.bibliotecadeseguranca.com.br\/fr\/wp-json\/wp\/v2\/types\/post"}],"author":[{"embeddable":true,"href":"https:\/\/www.bibliotecadeseguranca.com.br\/fr\/wp-json\/wp\/v2\/users\/3"}],"replies":[{"embeddable":true,"href":"https:\/\/www.bibliotecadeseguranca.com.br\/fr\/wp-json\/wp\/v2\/comments?post=8770"}],"version-history":[{"count":2,"href":"https:\/\/www.bibliotecadeseguranca.com.br\/fr\/wp-json\/wp\/v2\/posts\/8770\/revisions"}],"predecessor-version":[{"id":10117,"href":"https:\/\/www.bibliotecadeseguranca.com.br\/fr\/wp-json\/wp\/v2\/posts\/8770\/revisions\/10117"}],"wp:featuredmedia":[{"embeddable":true,"href":"https:\/\/www.bibliotecadeseguranca.com.br\/fr\/wp-json\/wp\/v2\/media\/8771"}],"wp:attachment":[{"href":"https:\/\/www.bibliotecadeseguranca.com.br\/fr\/wp-json\/wp\/v2\/media?parent=8770"}],"wp:term":[{"taxonomy":"category","embeddable":true,"href":"https:\/\/www.bibliotecadeseguranca.com.br\/fr\/wp-json\/wp\/v2\/categories?post=8770"},{"taxonomy":"post_tag","embeddable":true,"href":"https:\/\/www.bibliotecadeseguranca.com.br\/fr\/wp-json\/wp\/v2\/tags?post=8770"}],"curies":[{"name":"wp","href":"https:\/\/api.w.org\/{rel}","templated":true}]}}