{"id":8767,"date":"2013-10-01T09:40:25","date_gmt":"2013-10-01T12:40:25","guid":{"rendered":"http:\/\/www.bibliotecadeseguranca.com.br\/fr\/?p=8767"},"modified":"2014-02-05T22:52:12","modified_gmt":"2014-02-06T01:52:12","slug":"a-protecao-a-testemunha-e-o-crime-organizado-no-brasil","status":"publish","type":"post","link":"https:\/\/www.bibliotecadeseguranca.com.br\/fr\/livros\/a-protecao-a-testemunha-e-o-crime-organizado-no-brasil\/","title":{"rendered":"A Prote\u00e7\u00e3o \u00e0 Testemunha e o Crime Organizado no Brasil"},"content":{"rendered":"<p><strong><img loading=\"lazy\" decoding=\"async\" class=\"alignleft size-full wp-image-8768\" alt=\"A Prote\u00e7\u00e3o \u00e0 Testemunha e o Crime Organizado no Brasil\" src=\"http:\/\/www.bibliotecadeseguranca.com.br\/fr\/wp-content\/uploads\/2013\/09\/a-protecao-a-testemunha-e-o-crime-organizado-no-brasil.jpg\" width=\"145\" height=\"212\" srcset=\"https:\/\/www.bibliotecadeseguranca.com.br\/fr\/wp-content\/uploads\/2013\/09\/a-protecao-a-testemunha-e-o-crime-organizado-no-brasil.jpg 145w, https:\/\/www.bibliotecadeseguranca.com.br\/fr\/wp-content\/uploads\/2013\/09\/a-protecao-a-testemunha-e-o-crime-organizado-no-brasil-102x150.jpg 102w\" sizes=\"auto, (max-width: 145px) 100vw, 145px\" \/><span style=\"color: #003366;\">Jos\u00e9 Braz da Silveira<\/span><\/strong><\/p>\n<p><span style=\"color: #003366;\"><strong>Editor Juru\u00e1<\/strong><\/span><\/p>\n<p><span style=\"color: #003366;\"><strong>Descripci\u00f3n:<\/strong><\/span> A obra definiu como foco principal, o Programa de Prote\u00e7\u00e3o \u00e0 V\u00edtima e \u00e0 Testemunha Amea\u00e7adas no Brasil e a sua import\u00e2ncia como pol\u00edtica p\u00fablica de combate ao crime organizado. O primeiro cap\u00edtulo, entretanto, apresenta informa\u00e7\u00f5es ilustrativas de programas semelhantes em alguns pa\u00edses, sem o compromisso do aprofundamento na quest\u00e3o. O segundo cap\u00edtulo faz uma an\u00e1lise mais aprofundada do programa brasileiro de prote\u00e7\u00e3o \u00e0 testemunha, seu funcionamento, estrutura organizacional, aspectos de seguran\u00e7a, sigilo e requisitos de ingresso e perman\u00eancia das pessoas na condi\u00e7\u00e3o de protegidos. O alcance das a\u00e7\u00f5es do programa, sua efic\u00e1cia e efici\u00eancia tamb\u00e9m s\u00e3o analisados. O terceiro e \u00faltimo cap\u00edtulo destaca a import\u00e2ncia da prote\u00e7\u00e3o \u00e0 vida e \u00e0 prova testemunhal, como instrumento de aux\u00edlio \u00e0 justi\u00e7a no combate ao crime organizado. Analisa a dif\u00edcil tarefa de vencer a impunidade e conter a criminalidade, frente \u00e0s mazelas do Poder Judici\u00e1rio e tamb\u00e9m dos \u00d3rg\u00e3os de Seguran\u00e7a P\u00fablica. A legisla\u00e7\u00e3o existente sobre a mat\u00e9ria e as lutas do movimento de Direitos Humanos recebem destaque especial no terceiro cap\u00edtulo do livro. Trata-se de uma obra de grande utilidade para todos os profissionais que atuam na \u00e1rea criminal, notadamente para professores e estudantes de Direito, al\u00e9m dos que atuam em institui\u00e7\u00f5es ou movimentos de Direitos Humanos.<\/p>\n","protected":false},"excerpt":{"rendered":"<p>Jos\u00e9 Braz da Silveira Editor Juru\u00e1 Descripci\u00f3n: A obra definiu como foco principal, o Programa de Prote\u00e7\u00e3o \u00e0 V\u00edtima e \u00e0 Testemunha Amea\u00e7adas no Brasil e a sua import\u00e2ncia como pol\u00edtica p\u00fablica de combate ao crime organizado. O primeiro cap\u00edtulo, entretanto, apresenta informa\u00e7\u00f5es ilustrativas de programas semelhantes em alguns pa\u00edses, sem o compromisso do aprofundamento na quest\u00e3o. O segundo cap\u00edtulo faz uma an\u00e1lise mais aprofundada do programa brasileiro de prote\u00e7\u00e3o&hellip; <\/p>\n","protected":false},"author":3,"featured_media":8768,"comment_status":"open","ping_status":"closed","sticky":false,"template":"","format":"standard","meta":{"footnotes":""},"categories":[10,6,25],"tags":[],"class_list":["post-8767","post","type-post","status-publish","format-standard","has-post-thumbnail","hentry","category-crime-violencia-e-criminologia","category-livros","category-seguranca-publica-e-defesa"],"views":288,"_links":{"self":[{"href":"https:\/\/www.bibliotecadeseguranca.com.br\/fr\/wp-json\/wp\/v2\/posts\/8767","targetHints":{"allow":["GET"]}}],"collection":[{"href":"https:\/\/www.bibliotecadeseguranca.com.br\/fr\/wp-json\/wp\/v2\/posts"}],"about":[{"href":"https:\/\/www.bibliotecadeseguranca.com.br\/fr\/wp-json\/wp\/v2\/types\/post"}],"author":[{"embeddable":true,"href":"https:\/\/www.bibliotecadeseguranca.com.br\/fr\/wp-json\/wp\/v2\/users\/3"}],"replies":[{"embeddable":true,"href":"https:\/\/www.bibliotecadeseguranca.com.br\/fr\/wp-json\/wp\/v2\/comments?post=8767"}],"version-history":[{"count":2,"href":"https:\/\/www.bibliotecadeseguranca.com.br\/fr\/wp-json\/wp\/v2\/posts\/8767\/revisions"}],"predecessor-version":[{"id":10116,"href":"https:\/\/www.bibliotecadeseguranca.com.br\/fr\/wp-json\/wp\/v2\/posts\/8767\/revisions\/10116"}],"wp:featuredmedia":[{"embeddable":true,"href":"https:\/\/www.bibliotecadeseguranca.com.br\/fr\/wp-json\/wp\/v2\/media\/8768"}],"wp:attachment":[{"href":"https:\/\/www.bibliotecadeseguranca.com.br\/fr\/wp-json\/wp\/v2\/media?parent=8767"}],"wp:term":[{"taxonomy":"category","embeddable":true,"href":"https:\/\/www.bibliotecadeseguranca.com.br\/fr\/wp-json\/wp\/v2\/categories?post=8767"},{"taxonomy":"post_tag","embeddable":true,"href":"https:\/\/www.bibliotecadeseguranca.com.br\/fr\/wp-json\/wp\/v2\/tags?post=8767"}],"curies":[{"name":"wp","href":"https:\/\/api.w.org\/{rel}","templated":true}]}}