{"id":8749,"date":"2013-09-26T09:40:55","date_gmt":"2013-09-26T12:40:55","guid":{"rendered":"http:\/\/www.bibliotecadeseguranca.com.br\/fr\/?p=8749"},"modified":"2014-02-05T22:52:42","modified_gmt":"2014-02-06T01:52:42","slug":"seguranca-internacional","status":"publish","type":"post","link":"https:\/\/www.bibliotecadeseguranca.com.br\/fr\/livros\/seguranca-internacional\/","title":{"rendered":"Seguran\u00e7a Internacional"},"content":{"rendered":"<p><strong><img loading=\"lazy\" decoding=\"async\" class=\"alignleft size-full wp-image-8750\" alt=\"Seguran\u00e7a Internacional\" src=\"http:\/\/www.bibliotecadeseguranca.com.br\/fr\/wp-content\/uploads\/2013\/09\/seguranca-internacional.jpg\" width=\"145\" height=\"204\" srcset=\"https:\/\/www.bibliotecadeseguranca.com.br\/fr\/wp-content\/uploads\/2013\/09\/seguranca-internacional.jpg 145w, https:\/\/www.bibliotecadeseguranca.com.br\/fr\/wp-content\/uploads\/2013\/09\/seguranca-internacional-106x150.jpg 106w\" sizes=\"auto, (max-width: 145px) 100vw, 145px\" \/><span style=\"color: #003366;\">Larissa Ramina e Valter Fernandes da Cunha Filho<\/span><\/strong><\/p>\n<p><span style=\"color: #003366;\"><strong>Editor Juru\u00e1<\/strong><\/span><\/p>\n<p><span style=\"color: #003366;\"><strong>Descripci\u00f3n:<\/strong><\/span> Este livro foi concebido com a inten\u00e7\u00e3o de contribuir para o preenchimento de uma lacuna existente na literatura brasileira. Ainda que tenha havido esfor\u00e7os isolados de grupos de pesquisa, apoiados por algumas poucas institui\u00e7\u00f5es, persiste uma sens\u00edvel car\u00eancia de estudos na \u00e1rea de seguran\u00e7a internacional, de car\u00e1ter pr\u00e1tico ou te\u00f3rico, em l\u00edngua nacional. Neste particular, os alunos de gradua\u00e7\u00e3o das mais diversas \u00e1reas do conhecimento (Rela\u00e7\u00f5es Internacionais, Hist\u00f3ria, Direito, Economia, Ci\u00eancia Pol\u00edtica, entre outras \u00e1reas afins) s\u00e3o os que mais t\u00eam encontrado dificuldade de acesso aos estudos dessa natureza. O presente trabalho, portanto, tem a pretens\u00e3o de oferecer uma contribui\u00e7\u00e3o para a satisfa\u00e7\u00e3o desta car\u00eancia. Esta obra tem um duplo objetivo, de um lado, no n\u00edvel te\u00f3rico, prop\u00f5e uma leitura do desenvolvimento hist\u00f3rico de algumas abordagens dos estudos de seguran\u00e7a internacional. Busca fornecer um panorama das transforma\u00e7\u00f5es de alguns modelos de estudos acad\u00eamicos que tratam da guerra, da paz e das amea\u00e7as no cen\u00e1rio internacional. De outro, no n\u00edvel pr\u00e1tico, procura apresentar temas que desafiam e que reclamam urg\u00eancia. Problemas concretos de seguran\u00e7a internacional s\u00e3o analisados em perspectiva cr\u00edtica, tais como quest\u00f5es de g\u00eanero, meio ambiente, crises humanit\u00e1rias, conflitos regionais, integra\u00e7\u00e3o e coopera\u00e7\u00e3o, entre outros.<\/p>\n","protected":false},"excerpt":{"rendered":"<p>Larissa Ramina e Valter Fernandes da Cunha Filho Editor Juru\u00e1 Descripci\u00f3n: Este livro foi concebido com a inten\u00e7\u00e3o de contribuir para o preenchimento de uma lacuna existente na literatura brasileira. Ainda que tenha havido esfor\u00e7os isolados de grupos de pesquisa, apoiados por algumas poucas institui\u00e7\u00f5es, persiste uma sens\u00edvel car\u00eancia de estudos na \u00e1rea de seguran\u00e7a internacional, de car\u00e1ter pr\u00e1tico ou te\u00f3rico, em l\u00edngua nacional. Neste particular, os alunos de gradua\u00e7\u00e3o&hellip; <\/p>\n","protected":false},"author":3,"featured_media":8750,"comment_status":"open","ping_status":"closed","sticky":false,"template":"","format":"standard","meta":{"footnotes":""},"categories":[10,6,25],"tags":[],"class_list":["post-8749","post","type-post","status-publish","format-standard","has-post-thumbnail","hentry","category-crime-violencia-e-criminologia","category-livros","category-seguranca-publica-e-defesa"],"views":201,"_links":{"self":[{"href":"https:\/\/www.bibliotecadeseguranca.com.br\/fr\/wp-json\/wp\/v2\/posts\/8749","targetHints":{"allow":["GET"]}}],"collection":[{"href":"https:\/\/www.bibliotecadeseguranca.com.br\/fr\/wp-json\/wp\/v2\/posts"}],"about":[{"href":"https:\/\/www.bibliotecadeseguranca.com.br\/fr\/wp-json\/wp\/v2\/types\/post"}],"author":[{"embeddable":true,"href":"https:\/\/www.bibliotecadeseguranca.com.br\/fr\/wp-json\/wp\/v2\/users\/3"}],"replies":[{"embeddable":true,"href":"https:\/\/www.bibliotecadeseguranca.com.br\/fr\/wp-json\/wp\/v2\/comments?post=8749"}],"version-history":[{"count":3,"href":"https:\/\/www.bibliotecadeseguranca.com.br\/fr\/wp-json\/wp\/v2\/posts\/8749\/revisions"}],"predecessor-version":[{"id":10110,"href":"https:\/\/www.bibliotecadeseguranca.com.br\/fr\/wp-json\/wp\/v2\/posts\/8749\/revisions\/10110"}],"wp:featuredmedia":[{"embeddable":true,"href":"https:\/\/www.bibliotecadeseguranca.com.br\/fr\/wp-json\/wp\/v2\/media\/8750"}],"wp:attachment":[{"href":"https:\/\/www.bibliotecadeseguranca.com.br\/fr\/wp-json\/wp\/v2\/media?parent=8749"}],"wp:term":[{"taxonomy":"category","embeddable":true,"href":"https:\/\/www.bibliotecadeseguranca.com.br\/fr\/wp-json\/wp\/v2\/categories?post=8749"},{"taxonomy":"post_tag","embeddable":true,"href":"https:\/\/www.bibliotecadeseguranca.com.br\/fr\/wp-json\/wp\/v2\/tags?post=8749"}],"curies":[{"name":"wp","href":"https:\/\/api.w.org\/{rel}","templated":true}]}}