{"id":8727,"date":"2013-09-20T09:40:33","date_gmt":"2013-09-20T12:40:33","guid":{"rendered":"http:\/\/www.bibliotecadeseguranca.com.br\/fr\/?p=8727"},"modified":"2014-02-05T22:53:15","modified_gmt":"2014-02-06T01:53:15","slug":"terrorismo-e-crime-organizado","status":"publish","type":"post","link":"https:\/\/www.bibliotecadeseguranca.com.br\/fr\/livros\/terrorismo-e-crime-organizado\/","title":{"rendered":"Terrorismo e Crime Organizado"},"content":{"rendered":"<p><strong><img loading=\"lazy\" decoding=\"async\" class=\"alignleft size-full wp-image-8728\" alt=\"Terrorismo e Crime Organizado\" src=\"http:\/\/www.bibliotecadeseguranca.com.br\/fr\/wp-content\/uploads\/2013\/09\/terrorismo-e-crime-organizado.jpg\" width=\"145\" height=\"219\" srcset=\"https:\/\/www.bibliotecadeseguranca.com.br\/fr\/wp-content\/uploads\/2013\/09\/terrorismo-e-crime-organizado.jpg 145w, https:\/\/www.bibliotecadeseguranca.com.br\/fr\/wp-content\/uploads\/2013\/09\/terrorismo-e-crime-organizado-99x150.jpg 99w\" sizes=\"auto, (max-width: 145px) 100vw, 145px\" \/><span style=\"color: #003366;\">Luiz Fabricio Thaumaturgo Vergueiro<\/span><\/strong><\/p>\n<p><span style=\"color: #003366;\"><strong>Editor Quartier Latin<\/strong><\/span><\/p>\n<p><span style=\"color: #003366;\"><strong>Descripci\u00f3n:<\/strong><\/span> Qual \u00e9 o tra\u00e7o distinto entre o TERRORISMO e o CRIME ORGANIZADO? Embora ambas as modalidades de viol\u00eancia pressuponham uma certa organiza\u00e7\u00e3o de recursos materiais e humanos para a realiza\u00e7\u00e3o de suas a\u00e7\u00f5es, a criminalidade organizada geralmente se caracteriza por cometimento de atos il\u00edcitos sem vi\u00e9is pol\u00edtico, estando dentro da racionalidade ordin\u00e1ria de violencia.<\/p>\n","protected":false},"excerpt":{"rendered":"<p>Luiz Fabricio Thaumaturgo Vergueiro Editor Quartier Latin Descripci\u00f3n: Qual \u00e9 o tra\u00e7o distinto entre o TERRORISMO e o CRIME ORGANIZADO? Embora ambas as modalidades de viol\u00eancia pressuponham uma certa organiza\u00e7\u00e3o de recursos materiais e humanos para a realiza\u00e7\u00e3o de suas a\u00e7\u00f5es, a criminalidade organizada geralmente se caracteriza por cometimento de atos il\u00edcitos sem vi\u00e9is pol\u00edtico, estando dentro da racionalidade ordin\u00e1ria de violencia.<\/p>\n","protected":false},"author":3,"featured_media":8728,"comment_status":"open","ping_status":"closed","sticky":false,"template":"","format":"standard","meta":{"footnotes":""},"categories":[10,6,25],"tags":[],"class_list":["post-8727","post","type-post","status-publish","format-standard","has-post-thumbnail","hentry","category-crime-violencia-e-criminologia","category-livros","category-seguranca-publica-e-defesa"],"views":749,"_links":{"self":[{"href":"https:\/\/www.bibliotecadeseguranca.com.br\/fr\/wp-json\/wp\/v2\/posts\/8727","targetHints":{"allow":["GET"]}}],"collection":[{"href":"https:\/\/www.bibliotecadeseguranca.com.br\/fr\/wp-json\/wp\/v2\/posts"}],"about":[{"href":"https:\/\/www.bibliotecadeseguranca.com.br\/fr\/wp-json\/wp\/v2\/types\/post"}],"author":[{"embeddable":true,"href":"https:\/\/www.bibliotecadeseguranca.com.br\/fr\/wp-json\/wp\/v2\/users\/3"}],"replies":[{"embeddable":true,"href":"https:\/\/www.bibliotecadeseguranca.com.br\/fr\/wp-json\/wp\/v2\/comments?post=8727"}],"version-history":[{"count":3,"href":"https:\/\/www.bibliotecadeseguranca.com.br\/fr\/wp-json\/wp\/v2\/posts\/8727\/revisions"}],"predecessor-version":[{"id":10102,"href":"https:\/\/www.bibliotecadeseguranca.com.br\/fr\/wp-json\/wp\/v2\/posts\/8727\/revisions\/10102"}],"wp:featuredmedia":[{"embeddable":true,"href":"https:\/\/www.bibliotecadeseguranca.com.br\/fr\/wp-json\/wp\/v2\/media\/8728"}],"wp:attachment":[{"href":"https:\/\/www.bibliotecadeseguranca.com.br\/fr\/wp-json\/wp\/v2\/media?parent=8727"}],"wp:term":[{"taxonomy":"category","embeddable":true,"href":"https:\/\/www.bibliotecadeseguranca.com.br\/fr\/wp-json\/wp\/v2\/categories?post=8727"},{"taxonomy":"post_tag","embeddable":true,"href":"https:\/\/www.bibliotecadeseguranca.com.br\/fr\/wp-json\/wp\/v2\/tags?post=8727"}],"curies":[{"name":"wp","href":"https:\/\/api.w.org\/{rel}","templated":true}]}}