{"id":8702,"date":"2013-09-13T09:40:30","date_gmt":"2013-09-13T12:40:30","guid":{"rendered":"http:\/\/www.bibliotecadeseguranca.com.br\/fr\/?p=8702"},"modified":"2014-02-05T22:56:08","modified_gmt":"2014-02-06T01:56:08","slug":"inteligencia-estrategica-na-seguranca-corporativa","status":"publish","type":"post","link":"https:\/\/www.bibliotecadeseguranca.com.br\/fr\/videos\/inteligencia-estrategica-na-seguranca-corporativa\/","title":{"rendered":"Intelig\u00eancia Estrat\u00e9gica na Seguran\u00e7a Corporativa"},"content":{"rendered":"<p><strong><img loading=\"lazy\" decoding=\"async\" class=\"alignleft size-full wp-image-8703\" alt=\"Intelig\u00eancia Estrat\u00e9gica na Seguran\u00e7a Corporativa\" src=\"http:\/\/www.bibliotecadeseguranca.com.br\/fr\/wp-content\/uploads\/2013\/09\/inteligencia-estrategica-na-seguranca-corporativa.jpg\" width=\"145\" height=\"201\" srcset=\"https:\/\/www.bibliotecadeseguranca.com.br\/fr\/wp-content\/uploads\/2013\/09\/inteligencia-estrategica-na-seguranca-corporativa.jpg 145w, https:\/\/www.bibliotecadeseguranca.com.br\/fr\/wp-content\/uploads\/2013\/09\/inteligencia-estrategica-na-seguranca-corporativa-108x150.jpg 108w\" sizes=\"auto, (max-width: 145px) 100vw, 145px\" \/><span style=\"color: #003366;\">Aureo Miraglia de Almeida<\/span><\/strong><\/p>\n<p><span style=\"color: #003366;\"><strong>Editor Jornal da Seguran\u00e7a<\/strong><\/span><\/p>\n<p><span style=\"color: #003366;\"><strong>Descripci\u00f3n:<\/strong><\/span> Planejamento estrat\u00e9gico e integra\u00e7\u00e3o entre os objetivos das \u00e1reas de neg\u00f3cios das empresas est\u00e3o entre as principais necessidades para que as metas corporativas sejam alcan\u00e7adas com \u00eaxito. O cen\u00e1rio corporativo atual, altamente competitivo e com elevados riscos externos e internos, exige cada vez mais informa\u00e7\u00f5es de qualidade e em tempo oportuno para que os gestores possam se adequar \u00e0s novas necessidades e conseguirem superar os obst\u00e1culos decorrentes. A intelig\u00eancia estrat\u00e9gica integrada \u00e9 uma ferramenta de alto valor e intr\u00ednseca na gest\u00e3o moderna. Nesta palestra, o consultor demonstra as necessidades corporativas de gest\u00e3o e o valor da intelig\u00eancia estrat\u00e9gica aplicada pelos gestores de seguran\u00e7a\/risco e suas implica\u00e7\u00f5es positivas para a evolu\u00e7\u00e3o da \u00e1rea de seguran\u00e7a corporativa. Consegue exemplificar as interdepend\u00eancias e interesses comuns das \u00e1reas de neg\u00f3cio da empresa e o papel da seguran\u00e7a como integradora na evolu\u00e7\u00e3o de solu\u00e7\u00f5es estrat\u00e9gicas.<\/p>\n","protected":false},"excerpt":{"rendered":"<p>Aureo Miraglia de Almeida Editor Jornal da Seguran\u00e7a Descripci\u00f3n: Planejamento estrat\u00e9gico e integra\u00e7\u00e3o entre os objetivos das \u00e1reas de neg\u00f3cios das empresas est\u00e3o entre as principais necessidades para que as metas corporativas sejam alcan\u00e7adas com \u00eaxito. O cen\u00e1rio corporativo atual, altamente competitivo e com elevados riscos externos e internos, exige cada vez mais informa\u00e7\u00f5es de qualidade e em tempo oportuno para que os gestores possam se adequar \u00e0s novas necessidades&hellip; <\/p>\n","protected":false},"author":3,"featured_media":8703,"comment_status":"open","ping_status":"closed","sticky":false,"template":"","format":"standard","meta":{"footnotes":""},"categories":[61,108,98,28],"tags":[],"class_list":["post-8702","post","type-post","status-publish","format-standard","has-post-thumbnail","hentry","category-dvd","category-gestao-de-conhecimento-videos","category-seguranca-patrimonial-e-privada-videos","category-videos"],"views":392,"_links":{"self":[{"href":"https:\/\/www.bibliotecadeseguranca.com.br\/fr\/wp-json\/wp\/v2\/posts\/8702","targetHints":{"allow":["GET"]}}],"collection":[{"href":"https:\/\/www.bibliotecadeseguranca.com.br\/fr\/wp-json\/wp\/v2\/posts"}],"about":[{"href":"https:\/\/www.bibliotecadeseguranca.com.br\/fr\/wp-json\/wp\/v2\/types\/post"}],"author":[{"embeddable":true,"href":"https:\/\/www.bibliotecadeseguranca.com.br\/fr\/wp-json\/wp\/v2\/users\/3"}],"replies":[{"embeddable":true,"href":"https:\/\/www.bibliotecadeseguranca.com.br\/fr\/wp-json\/wp\/v2\/comments?post=8702"}],"version-history":[{"count":2,"href":"https:\/\/www.bibliotecadeseguranca.com.br\/fr\/wp-json\/wp\/v2\/posts\/8702\/revisions"}],"predecessor-version":[{"id":10092,"href":"https:\/\/www.bibliotecadeseguranca.com.br\/fr\/wp-json\/wp\/v2\/posts\/8702\/revisions\/10092"}],"wp:featuredmedia":[{"embeddable":true,"href":"https:\/\/www.bibliotecadeseguranca.com.br\/fr\/wp-json\/wp\/v2\/media\/8703"}],"wp:attachment":[{"href":"https:\/\/www.bibliotecadeseguranca.com.br\/fr\/wp-json\/wp\/v2\/media?parent=8702"}],"wp:term":[{"taxonomy":"category","embeddable":true,"href":"https:\/\/www.bibliotecadeseguranca.com.br\/fr\/wp-json\/wp\/v2\/categories?post=8702"},{"taxonomy":"post_tag","embeddable":true,"href":"https:\/\/www.bibliotecadeseguranca.com.br\/fr\/wp-json\/wp\/v2\/tags?post=8702"}],"curies":[{"name":"wp","href":"https:\/\/api.w.org\/{rel}","templated":true}]}}