{"id":8693,"date":"2013-09-10T09:40:16","date_gmt":"2013-09-10T12:40:16","guid":{"rendered":"http:\/\/www.bibliotecadeseguranca.com.br\/fr\/?p=8693"},"modified":"2014-02-05T22:56:23","modified_gmt":"2014-02-06T01:56:23","slug":"seguranca-patrimonial-para-vigilancia-e-guardas","status":"publish","type":"post","link":"https:\/\/www.bibliotecadeseguranca.com.br\/fr\/livros\/seguranca-patrimonial-para-vigilancia-e-guardas\/","title":{"rendered":"Seguran\u00e7a Patrimonial para Vigil\u00e2ncia e Guardas"},"content":{"rendered":"<p><strong><img loading=\"lazy\" decoding=\"async\" class=\"alignleft size-full wp-image-8694\" alt=\"Seguran\u00e7a Patrimonial para Vigil\u00e2ncia e Guardas\" src=\"http:\/\/www.bibliotecadeseguranca.com.br\/fr\/wp-content\/uploads\/2013\/09\/seguranca-patrimonial-para-vigilancia-e-guardas.jpg\" width=\"145\" height=\"218\" srcset=\"https:\/\/www.bibliotecadeseguranca.com.br\/fr\/wp-content\/uploads\/2013\/09\/seguranca-patrimonial-para-vigilancia-e-guardas.jpg 145w, https:\/\/www.bibliotecadeseguranca.com.br\/fr\/wp-content\/uploads\/2013\/09\/seguranca-patrimonial-para-vigilancia-e-guardas-99x150.jpg 99w\" sizes=\"auto, (max-width: 145px) 100vw, 145px\" \/><span style=\"color: #003366;\">Camponez Frota<\/span><\/strong><\/p>\n<p><span style=\"color: #003366;\"><strong>Editor Alcance<\/strong><\/span><\/p>\n<p><span style=\"color: #003366;\"><strong>Descripci\u00f3n:<\/strong><\/span> Assinado por Camponez Frota, Tenente da reserva remu\u00adnerada da Brigada Militar, graduado em Gest\u00e3o de Segu\u00adran\u00e7a P\u00fablica e Privada pela ULBRA e s\u00f3cio fundador da ABGS\/RS, Seguran\u00e7a Patrimonial para Vigil\u00e2ncia e Guardas \u00e9 um livro t\u00e9cnico capaz de orientar profissionais da seguran\u00e7a p\u00fablica e privada, instrutores de escolas de seguran\u00ad\u00e7a e estudantes da \u00e1rea interessados no aprimoramento t\u00e9cnico-profissional, mas tamb\u00e9m \u00e9 uma obra de interesse do p\u00fablico em geral, que busca melhorar as condi\u00e7\u00f5es de prote\u00e7\u00e3o pr\u00f3pria e de seu patrim\u00f4nio.<\/p>\n<p>Entre os assuntos abordados, encontramos a atua\u00e7\u00e3o do guarda ou vigilante, a seguran\u00e7a f\u00edsica das instala\u00e7\u00f5es, a preven\u00e7\u00e3o de se\u00adq\u00fcestros, a seguran\u00e7a da imagem e a preven\u00e7\u00e3o e o combate a inc\u00eandios.<\/p>\n","protected":false},"excerpt":{"rendered":"<p>Camponez Frota Editor Alcance Descripci\u00f3n: Assinado por Camponez Frota, Tenente da reserva remu\u00adnerada da Brigada Militar, graduado em Gest\u00e3o de Segu\u00adran\u00e7a P\u00fablica e Privada pela ULBRA e s\u00f3cio fundador da ABGS\/RS, Seguran\u00e7a Patrimonial para Vigil\u00e2ncia e Guardas \u00e9 um livro t\u00e9cnico capaz de orientar profissionais da seguran\u00e7a p\u00fablica e privada, instrutores de escolas de seguran\u00ad\u00e7a e estudantes da \u00e1rea interessados no aprimoramento t\u00e9cnico-profissional, mas tamb\u00e9m \u00e9 uma obra de interesse&hellip; <\/p>\n","protected":false},"author":3,"featured_media":8694,"comment_status":"open","ping_status":"closed","sticky":false,"template":"","format":"standard","meta":{"footnotes":""},"categories":[23,6],"tags":[],"class_list":["post-8693","post","type-post","status-publish","format-standard","has-post-thumbnail","hentry","category-gestao-da-seguranca-empresarial","category-livros"],"views":261,"_links":{"self":[{"href":"https:\/\/www.bibliotecadeseguranca.com.br\/fr\/wp-json\/wp\/v2\/posts\/8693","targetHints":{"allow":["GET"]}}],"collection":[{"href":"https:\/\/www.bibliotecadeseguranca.com.br\/fr\/wp-json\/wp\/v2\/posts"}],"about":[{"href":"https:\/\/www.bibliotecadeseguranca.com.br\/fr\/wp-json\/wp\/v2\/types\/post"}],"author":[{"embeddable":true,"href":"https:\/\/www.bibliotecadeseguranca.com.br\/fr\/wp-json\/wp\/v2\/users\/3"}],"replies":[{"embeddable":true,"href":"https:\/\/www.bibliotecadeseguranca.com.br\/fr\/wp-json\/wp\/v2\/comments?post=8693"}],"version-history":[{"count":2,"href":"https:\/\/www.bibliotecadeseguranca.com.br\/fr\/wp-json\/wp\/v2\/posts\/8693\/revisions"}],"predecessor-version":[{"id":10089,"href":"https:\/\/www.bibliotecadeseguranca.com.br\/fr\/wp-json\/wp\/v2\/posts\/8693\/revisions\/10089"}],"wp:featuredmedia":[{"embeddable":true,"href":"https:\/\/www.bibliotecadeseguranca.com.br\/fr\/wp-json\/wp\/v2\/media\/8694"}],"wp:attachment":[{"href":"https:\/\/www.bibliotecadeseguranca.com.br\/fr\/wp-json\/wp\/v2\/media?parent=8693"}],"wp:term":[{"taxonomy":"category","embeddable":true,"href":"https:\/\/www.bibliotecadeseguranca.com.br\/fr\/wp-json\/wp\/v2\/categories?post=8693"},{"taxonomy":"post_tag","embeddable":true,"href":"https:\/\/www.bibliotecadeseguranca.com.br\/fr\/wp-json\/wp\/v2\/tags?post=8693"}],"curies":[{"name":"wp","href":"https:\/\/api.w.org\/{rel}","templated":true}]}}