{"id":8680,"date":"2013-09-05T09:30:57","date_gmt":"2013-09-05T12:30:57","guid":{"rendered":"http:\/\/www.bibliotecadeseguranca.com.br\/fr\/?p=8680"},"modified":"2014-02-05T22:56:54","modified_gmt":"2014-02-06T01:56:54","slug":"como-se-defender-da-violencia-urbana","status":"publish","type":"post","link":"https:\/\/www.bibliotecadeseguranca.com.br\/fr\/videos\/como-se-defender-da-violencia-urbana\/","title":{"rendered":"Como se Defender da Viol\u00eancia Urbana"},"content":{"rendered":"<p><strong><img loading=\"lazy\" decoding=\"async\" class=\"alignleft size-full wp-image-8682\" alt=\"Como se Defender da Viol\u00eancia Urbana\" src=\"http:\/\/www.bibliotecadeseguranca.com.br\/fr\/wp-content\/uploads\/2013\/09\/como-se-defender-da-violencia-urbana.jpg\" width=\"145\" height=\"189\" srcset=\"https:\/\/www.bibliotecadeseguranca.com.br\/fr\/wp-content\/uploads\/2013\/09\/como-se-defender-da-violencia-urbana.jpg 145w, https:\/\/www.bibliotecadeseguranca.com.br\/fr\/wp-content\/uploads\/2013\/09\/como-se-defender-da-violencia-urbana-115x150.jpg 115w\" sizes=\"auto, (max-width: 145px) 100vw, 145px\" \/><span style=\"color: #003366;\">Marcy Jos\u00e9 Campos Verde<\/span><\/strong><\/p>\n<p><span style=\"color: #003366;\"><strong>Editor Jornal da Seguran\u00e7a<\/strong><\/span><\/p>\n<p><span style=\"color: #003366;\"><strong>Descripci\u00f3n:<\/strong><\/span> Este v\u00eddeo aborda de maneira clara e abrangente v\u00e1rias situa\u00e7\u00f5es pelas quais passamos em nosso cotidiano. Informa\u00e7\u00f5es e dicas preciosas que ajudar\u00e3o voc\u00ea e seus familiares a estar \u00e0 frente de diversas amea\u00e7as urbanas. Recomendado aos executivos, profissionais de seguran\u00e7a, colaboradores da empresa e pessoas em geral.<\/p>\n<p>Alguns t\u00f3picos abordados:<\/p>\n<ul>\n<li>Como agir diante de situa\u00e7\u00e3o de assalto;<\/li>\n<li>Deslocamento com seguran\u00e7a (a p\u00e9 ou de carro);<\/li>\n<li>Seguran\u00e7a em casa;<\/li>\n<li>Seguran\u00e7a em condom\u00ednios;<\/li>\n<li>Seguran\u00e7a da fam\u00edlia.<\/li>\n<\/ul>\n<p>&nbsp;<\/p>\n","protected":false},"excerpt":{"rendered":"<p>Marcy Jos\u00e9 Campos Verde Editor Jornal da Seguran\u00e7a Descripci\u00f3n: Este v\u00eddeo aborda de maneira clara e abrangente v\u00e1rias situa\u00e7\u00f5es pelas quais passamos em nosso cotidiano. Informa\u00e7\u00f5es e dicas preciosas que ajudar\u00e3o voc\u00ea e seus familiares a estar \u00e0 frente de diversas amea\u00e7as urbanas. Recomendado aos executivos, profissionais de seguran\u00e7a, colaboradores da empresa e pessoas em geral. Alguns t\u00f3picos abordados: Como agir diante de situa\u00e7\u00e3o de assalto; Deslocamento com seguran\u00e7a (a&hellip; <\/p>\n","protected":false},"author":3,"featured_media":8682,"comment_status":"open","ping_status":"closed","sticky":false,"template":"","format":"standard","meta":{"footnotes":""},"categories":[61,99,101,28],"tags":[],"class_list":["post-8680","post","type-post","status-publish","format-standard","has-post-thumbnail","hentry","category-dvd","category-seguranca-pessoal-e-sequestro-videos","category-seguranca-publica-videos","category-videos"],"views":498,"_links":{"self":[{"href":"https:\/\/www.bibliotecadeseguranca.com.br\/fr\/wp-json\/wp\/v2\/posts\/8680","targetHints":{"allow":["GET"]}}],"collection":[{"href":"https:\/\/www.bibliotecadeseguranca.com.br\/fr\/wp-json\/wp\/v2\/posts"}],"about":[{"href":"https:\/\/www.bibliotecadeseguranca.com.br\/fr\/wp-json\/wp\/v2\/types\/post"}],"author":[{"embeddable":true,"href":"https:\/\/www.bibliotecadeseguranca.com.br\/fr\/wp-json\/wp\/v2\/users\/3"}],"replies":[{"embeddable":true,"href":"https:\/\/www.bibliotecadeseguranca.com.br\/fr\/wp-json\/wp\/v2\/comments?post=8680"}],"version-history":[{"count":3,"href":"https:\/\/www.bibliotecadeseguranca.com.br\/fr\/wp-json\/wp\/v2\/posts\/8680\/revisions"}],"predecessor-version":[{"id":10083,"href":"https:\/\/www.bibliotecadeseguranca.com.br\/fr\/wp-json\/wp\/v2\/posts\/8680\/revisions\/10083"}],"wp:featuredmedia":[{"embeddable":true,"href":"https:\/\/www.bibliotecadeseguranca.com.br\/fr\/wp-json\/wp\/v2\/media\/8682"}],"wp:attachment":[{"href":"https:\/\/www.bibliotecadeseguranca.com.br\/fr\/wp-json\/wp\/v2\/media?parent=8680"}],"wp:term":[{"taxonomy":"category","embeddable":true,"href":"https:\/\/www.bibliotecadeseguranca.com.br\/fr\/wp-json\/wp\/v2\/categories?post=8680"},{"taxonomy":"post_tag","embeddable":true,"href":"https:\/\/www.bibliotecadeseguranca.com.br\/fr\/wp-json\/wp\/v2\/tags?post=8680"}],"curies":[{"name":"wp","href":"https:\/\/api.w.org\/{rel}","templated":true}]}}