{"id":8671,"date":"2013-09-06T09:30:00","date_gmt":"2013-09-06T12:30:00","guid":{"rendered":"http:\/\/www.bibliotecadeseguranca.com.br\/fr\/?p=8671"},"modified":"2014-02-05T22:56:51","modified_gmt":"2014-02-06T01:56:51","slug":"analise-criminologica-das-organizacoes-criminosas","status":"publish","type":"post","link":"https:\/\/www.bibliotecadeseguranca.com.br\/fr\/livros\/analise-criminologica-das-organizacoes-criminosas\/","title":{"rendered":"An\u00e1lise Criminol\u00f3gica das Organiza\u00e7\u00f5es Criminosas"},"content":{"rendered":"<p><strong><img loading=\"lazy\" decoding=\"async\" class=\"alignleft size-full wp-image-8672\" alt=\"An\u00e1lise Criminol\u00f3gica das Organiza\u00e7\u00f5es Criminosas\" src=\"http:\/\/www.bibliotecadeseguranca.com.br\/fr\/wp-content\/uploads\/2013\/09\/analise-criminologica-das-organizacoes-criminosas.jpg\" width=\"145\" height=\"209\" srcset=\"https:\/\/www.bibliotecadeseguranca.com.br\/fr\/wp-content\/uploads\/2013\/09\/analise-criminologica-das-organizacoes-criminosas.jpg 145w, https:\/\/www.bibliotecadeseguranca.com.br\/fr\/wp-content\/uploads\/2013\/09\/analise-criminologica-das-organizacoes-criminosas-104x150.jpg 104w\" sizes=\"auto, (max-width: 145px) 100vw, 145px\" \/><span style=\"color: #003366;\">Gamil F\u00f6ppel Hireche<\/span><\/strong><\/p>\n<p><span style=\"color: #003366;\"><strong>Editor Lumen Juris<\/strong><\/span><\/p>\n<p><span style=\"color: #003366;\"><strong>Descripci\u00f3n:<\/strong><\/span> A obra trata da an\u00e1lise cr\u00edtica da \u201ccriminalidade organizada\u201d, com especial \u00eanfase para os problemas relacionados \u00e0s chamadas organiza\u00e7\u00f5es criminosas. Para tanto, tal an\u00e1lise ultrapassa a posi\u00e7\u00e3o simpl\u00f3ria e formalista do Direito Penal, dando, pois, especial destaque \u00e0 pol\u00edtica criminal e \u00e0 criminologia (radical), e suas intera\u00e7\u00f5es com o assunto central. O texto analisa as cr\u00edticas feitas ao Direito Penal pela moderna criminologia cr\u00edtica, comprovando que h\u00e1, em ess\u00eancia, diferentes discursos do Direito Penal: um declarado, que o Direito Penal serviria para proteger a sociedade; outro, sub-rept\u00edcio, escamoteado, que fundamentaria o Direito Penal como persegui\u00e7\u00e3o a certas classes sociais, ou seja, o Direito Penal, materialmente, serviria de base para legitimar a domina\u00e7\u00e3o de uma classe sobre as outras. Al\u00e9m de tratar da reserva do C\u00f3digo Penal e de Processo Penal, s\u00e3o propostas formas de solu\u00e7\u00e3o dos problemas atinentes aos bandos ou quadrilhas, com especial enfoque para o chamado Direito da Interven\u00e7\u00e3o, Direito Penal de Segunda Velocidade, Direito Sancionador ou, ainda, Direito Satelit\u00e1rio, a demonstrar a d\u00faplice natureza garantista deste trabalho: a necessidade de se proteger a sociedade e a necessidade de se proteger o criminoso.<\/p>\n","protected":false},"excerpt":{"rendered":"<p>Gamil F\u00f6ppel Hireche Editor Lumen Juris Descripci\u00f3n: A obra trata da an\u00e1lise cr\u00edtica da \u201ccriminalidade organizada\u201d, com especial \u00eanfase para os problemas relacionados \u00e0s chamadas organiza\u00e7\u00f5es criminosas. Para tanto, tal an\u00e1lise ultrapassa a posi\u00e7\u00e3o simpl\u00f3ria e formalista do Direito Penal, dando, pois, especial destaque \u00e0 pol\u00edtica criminal e \u00e0 criminologia (radical), e suas intera\u00e7\u00f5es com o assunto central. O texto analisa as cr\u00edticas feitas ao Direito Penal pela moderna criminologia&hellip; <\/p>\n","protected":false},"author":3,"featured_media":8672,"comment_status":"open","ping_status":"closed","sticky":false,"template":"","format":"standard","meta":{"footnotes":""},"categories":[10,6,25],"tags":[],"class_list":["post-8671","post","type-post","status-publish","format-standard","has-post-thumbnail","hentry","category-crime-violencia-e-criminologia","category-livros","category-seguranca-publica-e-defesa"],"views":479,"_links":{"self":[{"href":"https:\/\/www.bibliotecadeseguranca.com.br\/fr\/wp-json\/wp\/v2\/posts\/8671","targetHints":{"allow":["GET"]}}],"collection":[{"href":"https:\/\/www.bibliotecadeseguranca.com.br\/fr\/wp-json\/wp\/v2\/posts"}],"about":[{"href":"https:\/\/www.bibliotecadeseguranca.com.br\/fr\/wp-json\/wp\/v2\/types\/post"}],"author":[{"embeddable":true,"href":"https:\/\/www.bibliotecadeseguranca.com.br\/fr\/wp-json\/wp\/v2\/users\/3"}],"replies":[{"embeddable":true,"href":"https:\/\/www.bibliotecadeseguranca.com.br\/fr\/wp-json\/wp\/v2\/comments?post=8671"}],"version-history":[{"count":2,"href":"https:\/\/www.bibliotecadeseguranca.com.br\/fr\/wp-json\/wp\/v2\/posts\/8671\/revisions"}],"predecessor-version":[{"id":10084,"href":"https:\/\/www.bibliotecadeseguranca.com.br\/fr\/wp-json\/wp\/v2\/posts\/8671\/revisions\/10084"}],"wp:featuredmedia":[{"embeddable":true,"href":"https:\/\/www.bibliotecadeseguranca.com.br\/fr\/wp-json\/wp\/v2\/media\/8672"}],"wp:attachment":[{"href":"https:\/\/www.bibliotecadeseguranca.com.br\/fr\/wp-json\/wp\/v2\/media?parent=8671"}],"wp:term":[{"taxonomy":"category","embeddable":true,"href":"https:\/\/www.bibliotecadeseguranca.com.br\/fr\/wp-json\/wp\/v2\/categories?post=8671"},{"taxonomy":"post_tag","embeddable":true,"href":"https:\/\/www.bibliotecadeseguranca.com.br\/fr\/wp-json\/wp\/v2\/tags?post=8671"}],"curies":[{"name":"wp","href":"https:\/\/api.w.org\/{rel}","templated":true}]}}