{"id":8656,"date":"2013-09-02T09:30:53","date_gmt":"2013-09-02T12:30:53","guid":{"rendered":"http:\/\/www.bibliotecadeseguranca.com.br\/fr\/?p=8656"},"modified":"2014-02-05T22:57:17","modified_gmt":"2014-02-06T01:57:17","slug":"criminalidade-e-violencia-global","status":"publish","type":"post","link":"https:\/\/www.bibliotecadeseguranca.com.br\/fr\/livros\/criminalidade-e-violencia-global\/","title":{"rendered":"Criminalidade e Viol\u00eancia Global"},"content":{"rendered":"<p><strong><img loading=\"lazy\" decoding=\"async\" class=\"alignleft size-full wp-image-8657\" alt=\"Criminalidade e Viol\u00eancia Global\" src=\"http:\/\/www.bibliotecadeseguranca.com.br\/fr\/wp-content\/uploads\/2013\/09\/criminalidade-e-violencia-global.jpg\" width=\"145\" height=\"218\" srcset=\"https:\/\/www.bibliotecadeseguranca.com.br\/fr\/wp-content\/uploads\/2013\/09\/criminalidade-e-violencia-global.jpg 145w, https:\/\/www.bibliotecadeseguranca.com.br\/fr\/wp-content\/uploads\/2013\/09\/criminalidade-e-violencia-global-99x150.jpg 99w\" sizes=\"auto, (max-width: 145px) 100vw, 145px\" \/><span style=\"color: #003366;\">Felippe Augusto de Miranda Rosa<\/span><\/strong><\/p>\n<p><span style=\"color: #003366;\"><strong>Editor Lumen Juris<\/strong><\/span><\/p>\n<p><span style=\"color: #003366;\"><strong>Descripci\u00f3n:<\/strong><\/span> O leitor encontrar\u00e1 nestas p\u00e1ginas uma incurs\u00e3o no quadro hist\u00f3rico conjuntural da evolu\u00e7\u00e3o da criminalidade global e uma discuss\u00e3o conceitual sobre as principais varia\u00e7\u00f5es da terminologia penal cl\u00e1ssica. O autor faz uma incurs\u00e3o no reino conceitual e tamb\u00e9m no quadro hist\u00f3rico conjuntural que envolve os problemas que focalizou.<\/p>\n","protected":false},"excerpt":{"rendered":"<p>Felippe Augusto de Miranda Rosa Editor Lumen Juris Descripci\u00f3n: O leitor encontrar\u00e1 nestas p\u00e1ginas uma incurs\u00e3o no quadro hist\u00f3rico conjuntural da evolu\u00e7\u00e3o da criminalidade global e uma discuss\u00e3o conceitual sobre as principais varia\u00e7\u00f5es da terminologia penal cl\u00e1ssica. O autor faz uma incurs\u00e3o no reino conceitual e tamb\u00e9m no quadro hist\u00f3rico conjuntural que envolve os problemas que focalizou.<\/p>\n","protected":false},"author":3,"featured_media":8657,"comment_status":"open","ping_status":"closed","sticky":false,"template":"","format":"standard","meta":{"footnotes":""},"categories":[10,6,25],"tags":[],"class_list":["post-8656","post","type-post","status-publish","format-standard","has-post-thumbnail","hentry","category-crime-violencia-e-criminologia","category-livros","category-seguranca-publica-e-defesa"],"views":242,"_links":{"self":[{"href":"https:\/\/www.bibliotecadeseguranca.com.br\/fr\/wp-json\/wp\/v2\/posts\/8656","targetHints":{"allow":["GET"]}}],"collection":[{"href":"https:\/\/www.bibliotecadeseguranca.com.br\/fr\/wp-json\/wp\/v2\/posts"}],"about":[{"href":"https:\/\/www.bibliotecadeseguranca.com.br\/fr\/wp-json\/wp\/v2\/types\/post"}],"author":[{"embeddable":true,"href":"https:\/\/www.bibliotecadeseguranca.com.br\/fr\/wp-json\/wp\/v2\/users\/3"}],"replies":[{"embeddable":true,"href":"https:\/\/www.bibliotecadeseguranca.com.br\/fr\/wp-json\/wp\/v2\/comments?post=8656"}],"version-history":[{"count":2,"href":"https:\/\/www.bibliotecadeseguranca.com.br\/fr\/wp-json\/wp\/v2\/posts\/8656\/revisions"}],"predecessor-version":[{"id":10079,"href":"https:\/\/www.bibliotecadeseguranca.com.br\/fr\/wp-json\/wp\/v2\/posts\/8656\/revisions\/10079"}],"wp:featuredmedia":[{"embeddable":true,"href":"https:\/\/www.bibliotecadeseguranca.com.br\/fr\/wp-json\/wp\/v2\/media\/8657"}],"wp:attachment":[{"href":"https:\/\/www.bibliotecadeseguranca.com.br\/fr\/wp-json\/wp\/v2\/media?parent=8656"}],"wp:term":[{"taxonomy":"category","embeddable":true,"href":"https:\/\/www.bibliotecadeseguranca.com.br\/fr\/wp-json\/wp\/v2\/categories?post=8656"},{"taxonomy":"post_tag","embeddable":true,"href":"https:\/\/www.bibliotecadeseguranca.com.br\/fr\/wp-json\/wp\/v2\/tags?post=8656"}],"curies":[{"name":"wp","href":"https:\/\/api.w.org\/{rel}","templated":true}]}}