{"id":8608,"date":"2013-08-20T09:30:40","date_gmt":"2013-08-20T12:30:40","guid":{"rendered":"http:\/\/www.bibliotecadeseguranca.com.br\/fr\/?p=8608"},"modified":"2014-02-05T23:00:57","modified_gmt":"2014-02-06T02:00:57","slug":"seguranca-e-defesa-do-espaco-cibernetico-brasileiro","status":"publish","type":"post","link":"https:\/\/www.bibliotecadeseguranca.com.br\/fr\/livros\/seguranca-e-defesa-do-espaco-cibernetico-brasileiro\/","title":{"rendered":"Seguran\u00e7a e Defesa do Espa\u00e7o Cibern\u00e9tico Brasileiro"},"content":{"rendered":"<p><strong><img loading=\"lazy\" decoding=\"async\" class=\"alignleft size-full wp-image-8609\" alt=\"Seguran\u00e7a e Defesa do Espa\u00e7o Cibern\u00e9tico Brasileiro\" src=\"http:\/\/www.bibliotecadeseguranca.com.br\/fr\/wp-content\/uploads\/2013\/08\/seguranca-e-defesa-do-espaco-cibernetico-brasileiro.jpg\" width=\"145\" height=\"210\" srcset=\"https:\/\/www.bibliotecadeseguranca.com.br\/fr\/wp-content\/uploads\/2013\/08\/seguranca-e-defesa-do-espaco-cibernetico-brasileiro.jpg 145w, https:\/\/www.bibliotecadeseguranca.com.br\/fr\/wp-content\/uploads\/2013\/08\/seguranca-e-defesa-do-espaco-cibernetico-brasileiro-103x150.jpg 103w\" sizes=\"auto, (max-width: 145px) 100vw, 145px\" \/><span style=\"color: #003366;\">Raphael Mandarino Junior<\/span><\/strong><\/p>\n<p><span style=\"color: #003366;\"><strong>Editor Cubzac<\/strong><\/span><\/p>\n<p><span style=\"color: #003366;\"><strong>Descripci\u00f3n:<\/strong><\/span> Neste livro, Raphael Mandarino Junior comenta os principais passos que levaram o Estado brasileiro a acompanhar o que ocorre no espa\u00e7o cibern\u00e9tico no pa\u00eds. Com uma linguagem acess\u00edvel e informa\u00e7\u00f5es preciosas e did\u00e1ticas, o autor explica a evolu\u00e7\u00e3o deste acompanhamento, partindo da sua percep\u00e7\u00e3o de que seguran\u00e7a e defesa do espa\u00e7o cibern\u00e9tico brasileiro at\u00e9 pouco tempo n\u00e3o tinha um conjunto de a\u00e7\u00f5es e estrat\u00e9gias que validassem o compromisso do pa\u00eds com essa nova etapa de seguran\u00e7a das na\u00e7\u00f5es. Todo o esfor\u00e7o aqui \u00e9 para que as iniciativas de seguran\u00e7a da informa\u00e7\u00e3o sejam uma a\u00e7\u00e3o integrada e n\u00e3o isolada. Aos poucos, para enfrentar as necessidades de um mundo globalizado e tomado por redes de informa\u00e7\u00e3o, o Estado brasileiro viu-se diante de uma s\u00e9rie de fatores, em sua pr\u00f3pria estrutura, que levaram o pa\u00eds a criar uma estrat\u00e9gia abrigando um modelo de articula\u00e7\u00e3o envolvendo todos os \u00f3rg\u00e3os p\u00fablicos, em uma rede complexa, extensiva e intensiva.<\/p>\n","protected":false},"excerpt":{"rendered":"<p>Raphael Mandarino Junior Editor Cubzac Descripci\u00f3n: Neste livro, Raphael Mandarino Junior comenta os principais passos que levaram o Estado brasileiro a acompanhar o que ocorre no espa\u00e7o cibern\u00e9tico no pa\u00eds. Com uma linguagem acess\u00edvel e informa\u00e7\u00f5es preciosas e did\u00e1ticas, o autor explica a evolu\u00e7\u00e3o deste acompanhamento, partindo da sua percep\u00e7\u00e3o de que seguran\u00e7a e defesa do espa\u00e7o cibern\u00e9tico brasileiro at\u00e9 pouco tempo n\u00e3o tinha um conjunto de a\u00e7\u00f5es e estrat\u00e9gias&hellip; <\/p>\n","protected":false},"author":3,"featured_media":8609,"comment_status":"open","ping_status":"closed","sticky":false,"template":"","format":"standard","meta":{"footnotes":""},"categories":[6,20,25],"tags":[],"class_list":["post-8608","post","type-post","status-publish","format-standard","has-post-thumbnail","hentry","category-livros","category-seguranca-da-informacao","category-seguranca-publica-e-defesa"],"views":255,"_links":{"self":[{"href":"https:\/\/www.bibliotecadeseguranca.com.br\/fr\/wp-json\/wp\/v2\/posts\/8608","targetHints":{"allow":["GET"]}}],"collection":[{"href":"https:\/\/www.bibliotecadeseguranca.com.br\/fr\/wp-json\/wp\/v2\/posts"}],"about":[{"href":"https:\/\/www.bibliotecadeseguranca.com.br\/fr\/wp-json\/wp\/v2\/types\/post"}],"author":[{"embeddable":true,"href":"https:\/\/www.bibliotecadeseguranca.com.br\/fr\/wp-json\/wp\/v2\/users\/3"}],"replies":[{"embeddable":true,"href":"https:\/\/www.bibliotecadeseguranca.com.br\/fr\/wp-json\/wp\/v2\/comments?post=8608"}],"version-history":[{"count":2,"href":"https:\/\/www.bibliotecadeseguranca.com.br\/fr\/wp-json\/wp\/v2\/posts\/8608\/revisions"}],"predecessor-version":[{"id":10064,"href":"https:\/\/www.bibliotecadeseguranca.com.br\/fr\/wp-json\/wp\/v2\/posts\/8608\/revisions\/10064"}],"wp:featuredmedia":[{"embeddable":true,"href":"https:\/\/www.bibliotecadeseguranca.com.br\/fr\/wp-json\/wp\/v2\/media\/8609"}],"wp:attachment":[{"href":"https:\/\/www.bibliotecadeseguranca.com.br\/fr\/wp-json\/wp\/v2\/media?parent=8608"}],"wp:term":[{"taxonomy":"category","embeddable":true,"href":"https:\/\/www.bibliotecadeseguranca.com.br\/fr\/wp-json\/wp\/v2\/categories?post=8608"},{"taxonomy":"post_tag","embeddable":true,"href":"https:\/\/www.bibliotecadeseguranca.com.br\/fr\/wp-json\/wp\/v2\/tags?post=8608"}],"curies":[{"name":"wp","href":"https:\/\/api.w.org\/{rel}","templated":true}]}}