{"id":8548,"date":"2013-08-05T07:44:19","date_gmt":"2013-08-05T10:44:19","guid":{"rendered":"http:\/\/www.bibliotecadeseguranca.com.br\/fr\/?p=8548"},"modified":"2014-02-05T23:07:07","modified_gmt":"2014-02-06T02:07:07","slug":"gestao-de-pessoas-e-seguranca-do-trabalho","status":"publish","type":"post","link":"https:\/\/www.bibliotecadeseguranca.com.br\/fr\/livros\/gestao-de-pessoas-e-seguranca-do-trabalho\/","title":{"rendered":"Gest\u00e3o de Pessoas e Seguran\u00e7a do Trabalho"},"content":{"rendered":"<p><strong><img loading=\"lazy\" decoding=\"async\" class=\"alignleft size-full wp-image-8549\" alt=\"Gest\u00e3o de Pessoas e Seguran\u00e7a do Trabalho\" src=\"http:\/\/www.bibliotecadeseguranca.com.br\/fr\/wp-content\/uploads\/2013\/08\/gestao-de-pessoas-e-seguranca-do-trabalho.jpg\" width=\"145\" height=\"217\" srcset=\"https:\/\/www.bibliotecadeseguranca.com.br\/fr\/wp-content\/uploads\/2013\/08\/gestao-de-pessoas-e-seguranca-do-trabalho.jpg 145w, https:\/\/www.bibliotecadeseguranca.com.br\/fr\/wp-content\/uploads\/2013\/08\/gestao-de-pessoas-e-seguranca-do-trabalho-100x150.jpg 100w\" sizes=\"auto, (max-width: 145px) 100vw, 145px\" \/><span style=\"color: #003366;\">Eli Damaris Martins<\/span><\/strong><\/p>\n<p><span style=\"color: #003366;\"><strong>Editor Leon<\/strong><\/span><\/p>\n<p><span style=\"color: #003366;\"><strong>Descripci\u00f3n:<\/strong><\/span> Este guia de Gest\u00e3o de Pessoas traz viv\u00eancias que a autora teve durante 20 anos de experi\u00eancia. Os fatos s\u00e3o reais, levando o leitor a refletir nas suas atitudes di\u00e1rias. Aos l\u00edderes a esperan\u00e7a do entendimento que &#8220;para gerir pessoas \u00e9 preciso dar seguran\u00e7a&#8221;. Aos que pretende conhecer um sistema de lideran\u00e7a moderno, a certeza de estar no caminho correto, seguindo as orienta\u00e7\u00f5es neste contido. Aos amantes de uma boa leitura, a satisfa\u00e7\u00e3o de um novo conhecimento.<\/p>\n","protected":false},"excerpt":{"rendered":"<p>Eli Damaris Martins Editor Leon Descripci\u00f3n: Este guia de Gest\u00e3o de Pessoas traz viv\u00eancias que a autora teve durante 20 anos de experi\u00eancia. Os fatos s\u00e3o reais, levando o leitor a refletir nas suas atitudes di\u00e1rias. Aos l\u00edderes a esperan\u00e7a do entendimento que &#8220;para gerir pessoas \u00e9 preciso dar seguran\u00e7a&#8221;. Aos que pretende conhecer um sistema de lideran\u00e7a moderno, a certeza de estar no caminho correto, seguindo as orienta\u00e7\u00f5es neste&hellip; <\/p>\n","protected":false},"author":3,"featured_media":8549,"comment_status":"open","ping_status":"closed","sticky":false,"template":"","format":"standard","meta":{"footnotes":""},"categories":[14,6],"tags":[],"class_list":["post-8548","post","type-post","status-publish","format-standard","has-post-thumbnail","hentry","category-administracao-e-estrategia-empresarial","category-livros"],"views":248,"_links":{"self":[{"href":"https:\/\/www.bibliotecadeseguranca.com.br\/fr\/wp-json\/wp\/v2\/posts\/8548","targetHints":{"allow":["GET"]}}],"collection":[{"href":"https:\/\/www.bibliotecadeseguranca.com.br\/fr\/wp-json\/wp\/v2\/posts"}],"about":[{"href":"https:\/\/www.bibliotecadeseguranca.com.br\/fr\/wp-json\/wp\/v2\/types\/post"}],"author":[{"embeddable":true,"href":"https:\/\/www.bibliotecadeseguranca.com.br\/fr\/wp-json\/wp\/v2\/users\/3"}],"replies":[{"embeddable":true,"href":"https:\/\/www.bibliotecadeseguranca.com.br\/fr\/wp-json\/wp\/v2\/comments?post=8548"}],"version-history":[{"count":2,"href":"https:\/\/www.bibliotecadeseguranca.com.br\/fr\/wp-json\/wp\/v2\/posts\/8548\/revisions"}],"predecessor-version":[{"id":10046,"href":"https:\/\/www.bibliotecadeseguranca.com.br\/fr\/wp-json\/wp\/v2\/posts\/8548\/revisions\/10046"}],"wp:featuredmedia":[{"embeddable":true,"href":"https:\/\/www.bibliotecadeseguranca.com.br\/fr\/wp-json\/wp\/v2\/media\/8549"}],"wp:attachment":[{"href":"https:\/\/www.bibliotecadeseguranca.com.br\/fr\/wp-json\/wp\/v2\/media?parent=8548"}],"wp:term":[{"taxonomy":"category","embeddable":true,"href":"https:\/\/www.bibliotecadeseguranca.com.br\/fr\/wp-json\/wp\/v2\/categories?post=8548"},{"taxonomy":"post_tag","embeddable":true,"href":"https:\/\/www.bibliotecadeseguranca.com.br\/fr\/wp-json\/wp\/v2\/tags?post=8548"}],"curies":[{"name":"wp","href":"https:\/\/api.w.org\/{rel}","templated":true}]}}