{"id":8518,"date":"2013-07-29T07:13:04","date_gmt":"2013-07-29T10:13:04","guid":{"rendered":"http:\/\/www.bibliotecadeseguranca.com.br\/fr\/?p=8518"},"modified":"2014-02-05T23:07:46","modified_gmt":"2014-02-06T02:07:46","slug":"crimes-procedimentos-e-numeros","status":"publish","type":"post","link":"https:\/\/www.bibliotecadeseguranca.com.br\/fr\/livros\/crimes-procedimentos-e-numeros\/","title":{"rendered":"Crimes, Procedimentos e N\u00fameros"},"content":{"rendered":"<p><strong><img loading=\"lazy\" decoding=\"async\" class=\"alignleft size-full wp-image-8519\" alt=\"Crimes, Procedimentos e N\u00fameros\" src=\"http:\/\/www.bibliotecadeseguranca.com.br\/fr\/wp-content\/uploads\/2013\/07\/crimes-procedimentos-e-numeros.jpg\" width=\"145\" height=\"224\" srcset=\"https:\/\/www.bibliotecadeseguranca.com.br\/fr\/wp-content\/uploads\/2013\/07\/crimes-procedimentos-e-numeros.jpg 145w, https:\/\/www.bibliotecadeseguranca.com.br\/fr\/wp-content\/uploads\/2013\/07\/crimes-procedimentos-e-numeros-97x150.jpg 97w\" sizes=\"auto, (max-width: 145px) 100vw, 145px\" \/><span style=\"color: #003366;\">Vivian Paes<\/span><\/strong><\/p>\n<p><span style=\"color: #003366;\"><strong>Editor Garamond<\/strong><\/span><\/p>\n<p><span style=\"color: #003366;\"><strong>Descripci\u00f3n:<\/strong><\/span> Este livro participa da cole\u00e7\u00e3o Direitos, Conflitos e Seguran\u00e7a P\u00fablica que re\u00fane a produ\u00e7\u00e3o acad\u00eamica de uma rede de pesquisadores que vem se dedicando, h\u00e1 anos, ao estudo dos processos de administra\u00e7\u00e3o institucional de conflitos em perspectiva comparada. Nessa iniciativa colaboram pesquisadores nacionais e internacionais, vinculados a diversas institui\u00e7\u00f5es, na realiza\u00e7\u00e3o de estudos emp\u00edricos comparados sobre quest\u00f5es vinculadas \u00e0 administra\u00e7\u00e3o policial e judicial dos conflitos no espa\u00e7o p\u00fablico. A publica\u00e7\u00e3o da obra nesta cole\u00e7\u00e3o representa, por um lado, a confirma\u00e7\u00e3o de uma trajet\u00f3ria de pesquisa competente e qualificada que, desde seu in\u00edcio na Uenf, sob a orienta\u00e7\u00e3o de Laure von Mandach e Lana Lage, foi acompanhada por mim. Por isto mesmo, posso afirmar que este texto \u2013 uma etnografia dos procedimentos policiais e judiciais criminais no Brasil e na Fran\u00e7a \u2013 vem se incorporar ao esfor\u00e7o acad\u00eamico altamente qualificado, de alta relev\u00e2ncia sociol\u00f3gica e alto impacto social, caracter\u00edsticos da trajet\u00f3ria da autora, e que se incorpora ao trabalho que vimos desenvolvendo nos \u00faltimos 20 anos e que foi consagrado, desde 2009.<\/p>\n","protected":false},"excerpt":{"rendered":"<p>Vivian Paes Editor Garamond Descripci\u00f3n: Este livro participa da cole\u00e7\u00e3o Direitos, Conflitos e Seguran\u00e7a P\u00fablica que re\u00fane a produ\u00e7\u00e3o acad\u00eamica de uma rede de pesquisadores que vem se dedicando, h\u00e1 anos, ao estudo dos processos de administra\u00e7\u00e3o institucional de conflitos em perspectiva comparada. Nessa iniciativa colaboram pesquisadores nacionais e internacionais, vinculados a diversas institui\u00e7\u00f5es, na realiza\u00e7\u00e3o de estudos emp\u00edricos comparados sobre quest\u00f5es vinculadas \u00e0 administra\u00e7\u00e3o policial e judicial dos conflitos&hellip; <\/p>\n","protected":false},"author":3,"featured_media":8519,"comment_status":"open","ping_status":"closed","sticky":false,"template":"","format":"standard","meta":{"footnotes":""},"categories":[6,25],"tags":[],"class_list":["post-8518","post","type-post","status-publish","format-standard","has-post-thumbnail","hentry","category-livros","category-seguranca-publica-e-defesa"],"views":210,"_links":{"self":[{"href":"https:\/\/www.bibliotecadeseguranca.com.br\/fr\/wp-json\/wp\/v2\/posts\/8518","targetHints":{"allow":["GET"]}}],"collection":[{"href":"https:\/\/www.bibliotecadeseguranca.com.br\/fr\/wp-json\/wp\/v2\/posts"}],"about":[{"href":"https:\/\/www.bibliotecadeseguranca.com.br\/fr\/wp-json\/wp\/v2\/types\/post"}],"author":[{"embeddable":true,"href":"https:\/\/www.bibliotecadeseguranca.com.br\/fr\/wp-json\/wp\/v2\/users\/3"}],"replies":[{"embeddable":true,"href":"https:\/\/www.bibliotecadeseguranca.com.br\/fr\/wp-json\/wp\/v2\/comments?post=8518"}],"version-history":[{"count":2,"href":"https:\/\/www.bibliotecadeseguranca.com.br\/fr\/wp-json\/wp\/v2\/posts\/8518\/revisions"}],"predecessor-version":[{"id":10033,"href":"https:\/\/www.bibliotecadeseguranca.com.br\/fr\/wp-json\/wp\/v2\/posts\/8518\/revisions\/10033"}],"wp:featuredmedia":[{"embeddable":true,"href":"https:\/\/www.bibliotecadeseguranca.com.br\/fr\/wp-json\/wp\/v2\/media\/8519"}],"wp:attachment":[{"href":"https:\/\/www.bibliotecadeseguranca.com.br\/fr\/wp-json\/wp\/v2\/media?parent=8518"}],"wp:term":[{"taxonomy":"category","embeddable":true,"href":"https:\/\/www.bibliotecadeseguranca.com.br\/fr\/wp-json\/wp\/v2\/categories?post=8518"},{"taxonomy":"post_tag","embeddable":true,"href":"https:\/\/www.bibliotecadeseguranca.com.br\/fr\/wp-json\/wp\/v2\/tags?post=8518"}],"curies":[{"name":"wp","href":"https:\/\/api.w.org\/{rel}","templated":true}]}}