{"id":8512,"date":"2013-07-26T08:13:27","date_gmt":"2013-07-26T11:13:27","guid":{"rendered":"http:\/\/www.bibliotecadeseguranca.com.br\/fr\/?p=8512"},"modified":"2014-02-05T23:07:51","modified_gmt":"2014-02-06T02:07:51","slug":"dicas-e-macetes-do-gestor-de-seguranca","status":"publish","type":"post","link":"https:\/\/www.bibliotecadeseguranca.com.br\/fr\/livros\/dicas-e-macetes-do-gestor-de-seguranca\/","title":{"rendered":"Dicas e Macetes do Gestor de Seguran\u00e7a"},"content":{"rendered":"<p><strong><img loading=\"lazy\" decoding=\"async\" class=\"alignleft size-full wp-image-8513\" alt=\"Dicas e Macetes do Gestor de Seguran\u00e7a\" src=\"http:\/\/www.bibliotecadeseguranca.com.br\/fr\/wp-content\/uploads\/2013\/07\/dicas-e-macetes-do-gestor-de-seguranca.jpg\" width=\"145\" height=\"221\" srcset=\"https:\/\/www.bibliotecadeseguranca.com.br\/fr\/wp-content\/uploads\/2013\/07\/dicas-e-macetes-do-gestor-de-seguranca.jpg 145w, https:\/\/www.bibliotecadeseguranca.com.br\/fr\/wp-content\/uploads\/2013\/07\/dicas-e-macetes-do-gestor-de-seguranca-98x150.jpg 98w\" sizes=\"auto, (max-width: 145px) 100vw, 145px\" \/><span style=\"color: #003366;\">Dicas e Macetes do Gestor de Seguran\u00e7a<\/span><\/strong><\/p>\n<p><span style=\"color: #003366;\"><strong>Marco Aur\u00e9lio<\/strong><\/span><\/p>\n<p><span style=\"color: #003366;\"><strong>Editor Sicurezza<\/strong><\/span><\/p>\n<p><span style=\"color: #003366;\"><strong>Descripci\u00f3n:<\/strong><\/span> O Marco Aur\u00e9lio procura mostrar em sua obra conceitos que poder\u00e3o auxiliar os gestores de seguran\u00e7a e as \u00e1reas de suporte, pois atualmente a tarefa de seguran\u00e7a necessita de ferramentas para mitigar os riscos existentes dentro das corpora\u00e7\u00f5es, e o desafio de antecipar-se a situa\u00e7\u00f5es de riscos a pessoas, bens e instala\u00e7\u00f5es se mostra presente e cont\u00ednuo em toda e qualquer organiza\u00e7\u00e3o!<br \/>\nQuem de n\u00f3s nunca sentiu a dificuldade de elaborar um conjunto de medidas preventivas e corretivas que garantam um estado de seguran\u00e7a mesmo diante de situa\u00e7\u00f5es conturbadas que podem ser causados \u00e0 qualquer tempo?<br \/>\nPara auxiliar os gestores de seguran\u00e7a em tal tarefa, o autor elaborou um manual abrangente de car\u00e1ter te\u00f3rico e principalmente pr\u00e1tico que ir\u00e1 possibilitar o estabelecimento de um Plano de Seguran\u00e7a capaz de gerar tal estado, bem como de garantir que os interesses principais de uma organiza\u00e7\u00e3o estejam livres de poss\u00edveis situa\u00e7\u00f5es desfavor\u00e1veis ocasionais.<br \/>\nEsta obra \u00e9 o resultado de 23 anos de pr\u00e1tica, estudo, pesquisa, trabalho s\u00e9rio, minucioso e vitoriosa de autor que ao longo de sua carreira exerceu posi\u00e7\u00e3o de lideran\u00e7a em empresas multinacionais privadas e que tamb\u00e9m vivenciou experi\u00eancias junto ao Ex\u00e9rcito Brasileiro. Assim posso dizer que os seus trabalhos contribu\u00edram de forma decisiva para o sucesso dos projetos por ele desempenhados dentro das organiza\u00e7\u00f5es por onde passou, desta forma entendo que esta obra ser\u00e1 muti importante para o setor de seguran\u00e7a empresarial.<\/p>\n","protected":false},"excerpt":{"rendered":"<p>Dicas e Macetes do Gestor de Seguran\u00e7a Marco Aur\u00e9lio Editor Sicurezza Descripci\u00f3n: O Marco Aur\u00e9lio procura mostrar em sua obra conceitos que poder\u00e3o auxiliar os gestores de seguran\u00e7a e as \u00e1reas de suporte, pois atualmente a tarefa de seguran\u00e7a necessita de ferramentas para mitigar os riscos existentes dentro das corpora\u00e7\u00f5es, e o desafio de antecipar-se a situa\u00e7\u00f5es de riscos a pessoas, bens e instala\u00e7\u00f5es se mostra presente e cont\u00ednuo em&hellip; <\/p>\n","protected":false},"author":3,"featured_media":8513,"comment_status":"open","ping_status":"closed","sticky":false,"template":"","format":"standard","meta":{"footnotes":""},"categories":[23,6],"tags":[],"class_list":["post-8512","post","type-post","status-publish","format-standard","has-post-thumbnail","hentry","category-gestao-da-seguranca-empresarial","category-livros"],"views":308,"_links":{"self":[{"href":"https:\/\/www.bibliotecadeseguranca.com.br\/fr\/wp-json\/wp\/v2\/posts\/8512","targetHints":{"allow":["GET"]}}],"collection":[{"href":"https:\/\/www.bibliotecadeseguranca.com.br\/fr\/wp-json\/wp\/v2\/posts"}],"about":[{"href":"https:\/\/www.bibliotecadeseguranca.com.br\/fr\/wp-json\/wp\/v2\/types\/post"}],"author":[{"embeddable":true,"href":"https:\/\/www.bibliotecadeseguranca.com.br\/fr\/wp-json\/wp\/v2\/users\/3"}],"replies":[{"embeddable":true,"href":"https:\/\/www.bibliotecadeseguranca.com.br\/fr\/wp-json\/wp\/v2\/comments?post=8512"}],"version-history":[{"count":2,"href":"https:\/\/www.bibliotecadeseguranca.com.br\/fr\/wp-json\/wp\/v2\/posts\/8512\/revisions"}],"predecessor-version":[{"id":10032,"href":"https:\/\/www.bibliotecadeseguranca.com.br\/fr\/wp-json\/wp\/v2\/posts\/8512\/revisions\/10032"}],"wp:featuredmedia":[{"embeddable":true,"href":"https:\/\/www.bibliotecadeseguranca.com.br\/fr\/wp-json\/wp\/v2\/media\/8513"}],"wp:attachment":[{"href":"https:\/\/www.bibliotecadeseguranca.com.br\/fr\/wp-json\/wp\/v2\/media?parent=8512"}],"wp:term":[{"taxonomy":"category","embeddable":true,"href":"https:\/\/www.bibliotecadeseguranca.com.br\/fr\/wp-json\/wp\/v2\/categories?post=8512"},{"taxonomy":"post_tag","embeddable":true,"href":"https:\/\/www.bibliotecadeseguranca.com.br\/fr\/wp-json\/wp\/v2\/tags?post=8512"}],"curies":[{"name":"wp","href":"https:\/\/api.w.org\/{rel}","templated":true}]}}