{"id":8509,"date":"2013-07-26T08:10:59","date_gmt":"2013-07-26T11:10:59","guid":{"rendered":"http:\/\/www.bibliotecadeseguranca.com.br\/fr\/?p=8509"},"modified":"2014-02-05T23:23:27","modified_gmt":"2014-02-06T02:23:27","slug":"seguridad-publica-y-privada-por-que","status":"publish","type":"post","link":"https:\/\/www.bibliotecadeseguranca.com.br\/fr\/livros\/seguridad-publica-y-privada-por-que\/","title":{"rendered":"Seguridad P\u00fablica y Privada \u00bfPor que?"},"content":{"rendered":"<p><strong><img loading=\"lazy\" decoding=\"async\" class=\"alignleft size-full wp-image-8510\" alt=\"Seguridad P\u00fablica y Privada \u00bfPor que?\" src=\"http:\/\/www.bibliotecadeseguranca.com.br\/fr\/wp-content\/uploads\/2013\/07\/seguridad-publica-y-privada-por-que.jpg\" width=\"145\" height=\"213\" srcset=\"https:\/\/www.bibliotecadeseguranca.com.br\/fr\/wp-content\/uploads\/2013\/07\/seguridad-publica-y-privada-por-que.jpg 145w, https:\/\/www.bibliotecadeseguranca.com.br\/fr\/wp-content\/uploads\/2013\/07\/seguridad-publica-y-privada-por-que-102x150.jpg 102w\" sizes=\"auto, (max-width: 145px) 100vw, 145px\" \/><span style=\"color: #003366;\">\u00c1ngel Garc\u00eda Arjona<\/span><\/strong><\/p>\n<p><span style=\"color: #003366;\"><strong>Editor Autopublicacion Tagus<\/strong><\/span><\/p>\n<p><span style=\"color: #003366;\"><strong>Descripci\u00f3n:<\/strong><\/span> \u00c1ngel Garc\u00eda con diecisiete a\u00f1os y con el t\u00edtulo de Ingeniero T\u00e9cnicoElectr\u00f3nica\/ Electricidad, ingresa en el Cuerpo de Paracaidistas del Ej\u00e9rcitode Tierra, alcanzando la graduaci\u00f3n de Cabo 1\u00ba, ejerciendo su mando en el Grupode Artiller\u00eda Paracaidista sectores de Transmisiones y L\u00ednea de Piezas, con unperiodo veterano opta por presentarse a las pruebas de aptitud para Suboficialno gradu\u00e1ndose como tal, para incorporarse al mundo empresarial.<\/p>\n","protected":false},"excerpt":{"rendered":"<p>\u00c1ngel Garc\u00eda Arjona Editor Autopublicacion Tagus Descripci\u00f3n: \u00c1ngel Garc\u00eda con diecisiete a\u00f1os y con el t\u00edtulo de Ingeniero T\u00e9cnicoElectr\u00f3nica\/ Electricidad, ingresa en el Cuerpo de Paracaidistas del Ej\u00e9rcitode Tierra, alcanzando la graduaci\u00f3n de Cabo 1\u00ba, ejerciendo su mando en el Grupode Artiller\u00eda Paracaidista sectores de Transmisiones y L\u00ednea de Piezas, con unperiodo veterano opta por presentarse a las pruebas de aptitud para Suboficialno gradu\u00e1ndose como tal, para incorporarse al mundo&hellip; <\/p>\n","protected":false},"author":3,"featured_media":8510,"comment_status":"open","ping_status":"closed","sticky":false,"template":"","format":"standard","meta":{"footnotes":""},"categories":[81,6,25],"tags":[],"class_list":["post-8509","post","type-post","status-publish","format-standard","has-post-thumbnail","hentry","category-espanol","category-livros","category-seguranca-publica-e-defesa"],"views":248,"_links":{"self":[{"href":"https:\/\/www.bibliotecadeseguranca.com.br\/fr\/wp-json\/wp\/v2\/posts\/8509","targetHints":{"allow":["GET"]}}],"collection":[{"href":"https:\/\/www.bibliotecadeseguranca.com.br\/fr\/wp-json\/wp\/v2\/posts"}],"about":[{"href":"https:\/\/www.bibliotecadeseguranca.com.br\/fr\/wp-json\/wp\/v2\/types\/post"}],"author":[{"embeddable":true,"href":"https:\/\/www.bibliotecadeseguranca.com.br\/fr\/wp-json\/wp\/v2\/users\/3"}],"replies":[{"embeddable":true,"href":"https:\/\/www.bibliotecadeseguranca.com.br\/fr\/wp-json\/wp\/v2\/comments?post=8509"}],"version-history":[{"count":2,"href":"https:\/\/www.bibliotecadeseguranca.com.br\/fr\/wp-json\/wp\/v2\/posts\/8509\/revisions"}],"predecessor-version":[{"id":10031,"href":"https:\/\/www.bibliotecadeseguranca.com.br\/fr\/wp-json\/wp\/v2\/posts\/8509\/revisions\/10031"}],"wp:featuredmedia":[{"embeddable":true,"href":"https:\/\/www.bibliotecadeseguranca.com.br\/fr\/wp-json\/wp\/v2\/media\/8510"}],"wp:attachment":[{"href":"https:\/\/www.bibliotecadeseguranca.com.br\/fr\/wp-json\/wp\/v2\/media?parent=8509"}],"wp:term":[{"taxonomy":"category","embeddable":true,"href":"https:\/\/www.bibliotecadeseguranca.com.br\/fr\/wp-json\/wp\/v2\/categories?post=8509"},{"taxonomy":"post_tag","embeddable":true,"href":"https:\/\/www.bibliotecadeseguranca.com.br\/fr\/wp-json\/wp\/v2\/tags?post=8509"}],"curies":[{"name":"wp","href":"https:\/\/api.w.org\/{rel}","templated":true}]}}