{"id":8489,"date":"2013-07-22T07:17:26","date_gmt":"2013-07-22T10:17:26","guid":{"rendered":"http:\/\/www.bibliotecadeseguranca.com.br\/fr\/?p=8489"},"modified":"2014-02-05T23:23:59","modified_gmt":"2014-02-06T02:23:59","slug":"curso-de-extensao-em-seguranca-para-os-grandes-eventos","status":"publish","type":"post","link":"https:\/\/www.bibliotecadeseguranca.com.br\/fr\/livros\/curso-de-extensao-em-seguranca-para-os-grandes-eventos\/","title":{"rendered":"Curso de Extens\u00e3o em Seguran\u00e7a para os Grandes Eventos"},"content":{"rendered":"<p><strong><img loading=\"lazy\" decoding=\"async\" class=\"alignleft size-full wp-image-8490\" alt=\"Curso de Extens\u00e3o em Seguran\u00e7a para os Grandes Eventos\" src=\"http:\/\/www.bibliotecadeseguranca.com.br\/fr\/wp-content\/uploads\/2013\/07\/curso-de-extensao-em-seguranca-para-os-grandes-eventos.jpg\" width=\"145\" height=\"193\" srcset=\"https:\/\/www.bibliotecadeseguranca.com.br\/fr\/wp-content\/uploads\/2013\/07\/curso-de-extensao-em-seguranca-para-os-grandes-eventos.jpg 145w, https:\/\/www.bibliotecadeseguranca.com.br\/fr\/wp-content\/uploads\/2013\/07\/curso-de-extensao-em-seguranca-para-os-grandes-eventos-112x150.jpg 112w\" sizes=\"auto, (max-width: 145px) 100vw, 145px\" \/><span style=\"color: #003366;\">Jos\u00e9 Helder de Souza Andrade<\/span><\/strong><\/p>\n<p><span style=\"color: #003366;\"><strong>Editor Ci\u00eancia Moderna<\/strong><\/span><\/p>\n<p><span style=\"color: #003366;\"><strong>Descripci\u00f3n:<\/strong><\/span> Voc\u00ea agora \u00e9 um(a) profissional de Seguran\u00e7a Privada, especialista em Seguran\u00e7a para Grandes Eventos e, acredite, n\u00e3o ser\u00e1 nada f\u00e1cil. Voc\u00ea precisar\u00e1 aprender a enxergar o invis\u00edvel, ouvir o inaud\u00edvel e, principalmente, perceber o que h\u00e1 nas entrelinhas. Aprendemos que empatia &#8220;\u00e9 sentir o que se sentiria, caso estivesse no lugar ou circunst\u00e2ncia experimentada por outra pessoa&#8221;. Assim, quando nos colocamos no lugar dos outros, de alguma forma, temos mais chances de \u00eaxito no Gerenciamento de Comportamento inconveniente. Vigiar \u00e9 relacionar-se; relacionar-se \u00e9 um dom de Deus e precisa ser desenvolvido. Se n\u00f3s n\u00e3o nos relacionamos, nos isolamos e nos tornamos vulner\u00e1veis. Como especialistas em Seguran\u00e7a para Grandes Eventos, devemos lembrar que vigiar \u00e9 o grande segredo.<\/p>\n","protected":false},"excerpt":{"rendered":"<p>Jos\u00e9 Helder de Souza Andrade Editor Ci\u00eancia Moderna Descripci\u00f3n: Voc\u00ea agora \u00e9 um(a) profissional de Seguran\u00e7a Privada, especialista em Seguran\u00e7a para Grandes Eventos e, acredite, n\u00e3o ser\u00e1 nada f\u00e1cil. Voc\u00ea precisar\u00e1 aprender a enxergar o invis\u00edvel, ouvir o inaud\u00edvel e, principalmente, perceber o que h\u00e1 nas entrelinhas. Aprendemos que empatia &#8220;\u00e9 sentir o que se sentiria, caso estivesse no lugar ou circunst\u00e2ncia experimentada por outra pessoa&#8221;. Assim, quando nos colocamos&hellip; <\/p>\n","protected":false},"author":3,"featured_media":8490,"comment_status":"open","ping_status":"closed","sticky":false,"template":"","format":"standard","meta":{"footnotes":""},"categories":[23,6,21],"tags":[],"class_list":["post-8489","post","type-post","status-publish","format-standard","has-post-thumbnail","hentry","category-gestao-da-seguranca-empresarial","category-livros","category-seguranca-de-eventos"],"views":295,"_links":{"self":[{"href":"https:\/\/www.bibliotecadeseguranca.com.br\/fr\/wp-json\/wp\/v2\/posts\/8489","targetHints":{"allow":["GET"]}}],"collection":[{"href":"https:\/\/www.bibliotecadeseguranca.com.br\/fr\/wp-json\/wp\/v2\/posts"}],"about":[{"href":"https:\/\/www.bibliotecadeseguranca.com.br\/fr\/wp-json\/wp\/v2\/types\/post"}],"author":[{"embeddable":true,"href":"https:\/\/www.bibliotecadeseguranca.com.br\/fr\/wp-json\/wp\/v2\/users\/3"}],"replies":[{"embeddable":true,"href":"https:\/\/www.bibliotecadeseguranca.com.br\/fr\/wp-json\/wp\/v2\/comments?post=8489"}],"version-history":[{"count":3,"href":"https:\/\/www.bibliotecadeseguranca.com.br\/fr\/wp-json\/wp\/v2\/posts\/8489\/revisions"}],"predecessor-version":[{"id":10024,"href":"https:\/\/www.bibliotecadeseguranca.com.br\/fr\/wp-json\/wp\/v2\/posts\/8489\/revisions\/10024"}],"wp:featuredmedia":[{"embeddable":true,"href":"https:\/\/www.bibliotecadeseguranca.com.br\/fr\/wp-json\/wp\/v2\/media\/8490"}],"wp:attachment":[{"href":"https:\/\/www.bibliotecadeseguranca.com.br\/fr\/wp-json\/wp\/v2\/media?parent=8489"}],"wp:term":[{"taxonomy":"category","embeddable":true,"href":"https:\/\/www.bibliotecadeseguranca.com.br\/fr\/wp-json\/wp\/v2\/categories?post=8489"},{"taxonomy":"post_tag","embeddable":true,"href":"https:\/\/www.bibliotecadeseguranca.com.br\/fr\/wp-json\/wp\/v2\/tags?post=8489"}],"curies":[{"name":"wp","href":"https:\/\/api.w.org\/{rel}","templated":true}]}}