{"id":8374,"date":"2013-06-24T05:15:06","date_gmt":"2013-06-24T08:15:06","guid":{"rendered":"http:\/\/www.bibliotecadeseguranca.com.br\/fr\/?p=8374"},"modified":"2014-02-05T23:31:14","modified_gmt":"2014-02-06T02:31:14","slug":"direito-internacional-e-seguranca-publica","status":"publish","type":"post","link":"https:\/\/www.bibliotecadeseguranca.com.br\/fr\/livros\/direito-internacional-e-seguranca-publica\/","title":{"rendered":"Direito Internacional e Seguran\u00e7a P\u00fablica"},"content":{"rendered":"<p><strong><img loading=\"lazy\" decoding=\"async\" class=\"alignleft size-full wp-image-8375\" alt=\"Direito Internacional e Seguran\u00e7a P\u00fablica\" src=\"http:\/\/www.bibliotecadeseguranca.com.br\/fr\/wp-content\/uploads\/2013\/06\/direito-internacional-e-seguranca-publica.jpg\" width=\"145\" height=\"221\" srcset=\"https:\/\/www.bibliotecadeseguranca.com.br\/fr\/wp-content\/uploads\/2013\/06\/direito-internacional-e-seguranca-publica.jpg 145w, https:\/\/www.bibliotecadeseguranca.com.br\/fr\/wp-content\/uploads\/2013\/06\/direito-internacional-e-seguranca-publica-98x150.jpg 98w\" sizes=\"auto, (max-width: 145px) 100vw, 145px\" \/><span style=\"color: #003366;\">Etiene Martins<\/span><\/strong><\/p>\n<p><span style=\"color: #003366;\"><strong>Editor Biblioteca 24 Horas<\/strong><\/span><\/p>\n<p><span style=\"color: #003366;\"><strong>Descripci\u00f3n:<\/strong><\/span> Na presente obra, trago o fruto de minhas experi\u00eancias como Assessor Jur\u00eddico da Pol\u00edcia Militar do Estado do Rio de Janeiro e das pesquisas que realizo na \u00e1rea de Direito Internacional. A proposta \u00e9 estudar a seguran\u00e7a p\u00fablica sob a perspectiva do Direito Internacional e das Rela\u00e7\u00f5es Internacionais, apresentando reflex\u00f5es sobre a colabora\u00e7\u00e3o destes para a elabora\u00e7\u00e3o de pol\u00edticas p\u00fablicas para a redu\u00e7\u00e3o da viol\u00eancia. Em raz\u00e3o de ser o principal vetor da viol\u00eancia no pa\u00eds, a tem\u00e1tica das armas foi escolhida como o norte para o desenvolvimento de todo o racioc\u00ednio da obra. Saindo do senso comum que atribui a responsabilidade da guarda das fronteiras apenas \u00e0s For\u00e7as Armadas e \u00e0 Pol\u00edcia Federal, tentei contribuir com perspectivas que permeiam o campo da integra\u00e7\u00e3o regional sul- americana e da pol\u00edtica externa. O enfrentamento do tr\u00e1fico internacional de armas pressup\u00f5e um Estado que olhe al\u00e9m de suas fronteiras, desenvolvendo uma pol\u00edtica de seguran\u00e7a p\u00fablica que utilize instrumentos do Direito Internacional.<\/p>\n","protected":false},"excerpt":{"rendered":"<p>Etiene Martins Editor Biblioteca 24 Horas Descripci\u00f3n: Na presente obra, trago o fruto de minhas experi\u00eancias como Assessor Jur\u00eddico da Pol\u00edcia Militar do Estado do Rio de Janeiro e das pesquisas que realizo na \u00e1rea de Direito Internacional. A proposta \u00e9 estudar a seguran\u00e7a p\u00fablica sob a perspectiva do Direito Internacional e das Rela\u00e7\u00f5es Internacionais, apresentando reflex\u00f5es sobre a colabora\u00e7\u00e3o destes para a elabora\u00e7\u00e3o de pol\u00edticas p\u00fablicas para a redu\u00e7\u00e3o&hellip; <\/p>\n","protected":false},"author":3,"featured_media":8375,"comment_status":"open","ping_status":"closed","sticky":false,"template":"","format":"standard","meta":{"footnotes":""},"categories":[6,25],"tags":[],"class_list":["post-8374","post","type-post","status-publish","format-standard","has-post-thumbnail","hentry","category-livros","category-seguranca-publica-e-defesa"],"views":195,"_links":{"self":[{"href":"https:\/\/www.bibliotecadeseguranca.com.br\/fr\/wp-json\/wp\/v2\/posts\/8374","targetHints":{"allow":["GET"]}}],"collection":[{"href":"https:\/\/www.bibliotecadeseguranca.com.br\/fr\/wp-json\/wp\/v2\/posts"}],"about":[{"href":"https:\/\/www.bibliotecadeseguranca.com.br\/fr\/wp-json\/wp\/v2\/types\/post"}],"author":[{"embeddable":true,"href":"https:\/\/www.bibliotecadeseguranca.com.br\/fr\/wp-json\/wp\/v2\/users\/3"}],"replies":[{"embeddable":true,"href":"https:\/\/www.bibliotecadeseguranca.com.br\/fr\/wp-json\/wp\/v2\/comments?post=8374"}],"version-history":[{"count":2,"href":"https:\/\/www.bibliotecadeseguranca.com.br\/fr\/wp-json\/wp\/v2\/posts\/8374\/revisions"}],"predecessor-version":[{"id":9984,"href":"https:\/\/www.bibliotecadeseguranca.com.br\/fr\/wp-json\/wp\/v2\/posts\/8374\/revisions\/9984"}],"wp:featuredmedia":[{"embeddable":true,"href":"https:\/\/www.bibliotecadeseguranca.com.br\/fr\/wp-json\/wp\/v2\/media\/8375"}],"wp:attachment":[{"href":"https:\/\/www.bibliotecadeseguranca.com.br\/fr\/wp-json\/wp\/v2\/media?parent=8374"}],"wp:term":[{"taxonomy":"category","embeddable":true,"href":"https:\/\/www.bibliotecadeseguranca.com.br\/fr\/wp-json\/wp\/v2\/categories?post=8374"},{"taxonomy":"post_tag","embeddable":true,"href":"https:\/\/www.bibliotecadeseguranca.com.br\/fr\/wp-json\/wp\/v2\/tags?post=8374"}],"curies":[{"name":"wp","href":"https:\/\/api.w.org\/{rel}","templated":true}]}}