{"id":8344,"date":"2013-06-17T05:02:50","date_gmt":"2013-06-17T08:02:50","guid":{"rendered":"http:\/\/www.bibliotecadeseguranca.com.br\/fr\/?p=8344"},"modified":"2014-02-05T23:36:07","modified_gmt":"2014-02-06T02:36:07","slug":"seguranca-publica-uma-perspectiva-politico-criminal","status":"publish","type":"post","link":"https:\/\/www.bibliotecadeseguranca.com.br\/fr\/livros\/seguranca-publica-uma-perspectiva-politico-criminal\/","title":{"rendered":"Seguran\u00e7a P\u00fablica &#8211; Uma Perspectiva Pol\u00edtico Criminal"},"content":{"rendered":"<p><strong><img loading=\"lazy\" decoding=\"async\" class=\"alignleft size-full wp-image-8345\" alt=\"Seguran\u00e7a P\u00fablica - Uma Perspectiva Pol\u00edtico Criminal\" src=\"http:\/\/www.bibliotecadeseguranca.com.br\/fr\/wp-content\/uploads\/2013\/06\/seguranca-publica-uma-perspectiva-politico-criminal.jpg\" width=\"145\" height=\"205\" srcset=\"https:\/\/www.bibliotecadeseguranca.com.br\/fr\/wp-content\/uploads\/2013\/06\/seguranca-publica-uma-perspectiva-politico-criminal.jpg 145w, https:\/\/www.bibliotecadeseguranca.com.br\/fr\/wp-content\/uploads\/2013\/06\/seguranca-publica-uma-perspectiva-politico-criminal-106x150.jpg 106w\" sizes=\"auto, (max-width: 145px) 100vw, 145px\" \/><span style=\"color: #003366;\">Jorge Luiz Bezerra<\/span><\/strong><\/p>\n<p><span style=\"color: #003366;\"><strong>Editor Blucher<\/strong><\/span><\/p>\n<p><span style=\"color: #003366;\"><strong>Descripci\u00f3n:<\/strong><\/span> As Institui\u00e7\u00f5es respons\u00e1veis pela Seguran\u00e7a P\u00fablica no Brasil, h\u00e1 aproximadamente dez anos, ve\u00eam desenvolvendo estrat\u00e9gias e medidas para tornar as suas for\u00e7as policiais, cada vez mais, no compasso dos anseios das comunidades, quebrando paradigmas e estabelecendo uma rela\u00e7\u00e3o de harmonia com a sociedade, n\u00e3o se furtando apenas em ser uma ou v\u00e1rias organiza\u00e7\u00f5es de defesa da classe dominante, como as antigas guardas pretorianas.<\/p>\n<p>O texto central do livro de Jorge Luiz, traz uma das melhores estrat\u00e9gias &#8211; policiamento das janelas quebradas &#8211; criadas para facilitar a aproxima\u00e7\u00e3o e respeito entre a comunidade e as Institui\u00e7\u00f5es incumbidas de proporcionar a seguran\u00e7a as pessoas e a preservar a ordem p\u00fablica, melhorando a qualidade e absorvendo o desejo das pessoas com rela\u00e7\u00e3o aos servi\u00e7os a serem prestados.<\/p>\n<p>O tema abordado com maestria por Jorge Luiz, possuidor do conhecimento te\u00f3rico e pr\u00e1tico, haja vista a experi\u00eancia vivida nos Estados Unidos da Am\u00e9rica e no Brasil, especificamente na cidade de S\u00e3o Paulo, local que possui uma quantidade representativa de trabalhos neste sentido, deixa-nos como membro da sociedade muito satisfeitos, porque poder\u00e1 reverberar de uma maneira clara esta doutrina fazendo com que nosso sonho de uma comunidade mais segura fique mais pr\u00f3ximo. Nesta esteira, como destaca Brecht :&#8221;um sonho sonhado sozinho n\u00e3o passa de um sonho, mas um sonho sonhado em conjunto torna-se realidade&#8221;.<\/p>\n","protected":false},"excerpt":{"rendered":"<p>Jorge Luiz Bezerra Editor Blucher Descripci\u00f3n: As Institui\u00e7\u00f5es respons\u00e1veis pela Seguran\u00e7a P\u00fablica no Brasil, h\u00e1 aproximadamente dez anos, ve\u00eam desenvolvendo estrat\u00e9gias e medidas para tornar as suas for\u00e7as policiais, cada vez mais, no compasso dos anseios das comunidades, quebrando paradigmas e estabelecendo uma rela\u00e7\u00e3o de harmonia com a sociedade, n\u00e3o se furtando apenas em ser uma ou v\u00e1rias organiza\u00e7\u00f5es de defesa da classe dominante, como as antigas guardas pretorianas. O&hellip; <\/p>\n","protected":false},"author":3,"featured_media":8345,"comment_status":"open","ping_status":"closed","sticky":false,"template":"","format":"standard","meta":{"footnotes":""},"categories":[6,25],"tags":[],"class_list":["post-8344","post","type-post","status-publish","format-standard","has-post-thumbnail","hentry","category-livros","category-seguranca-publica-e-defesa"],"views":206,"_links":{"self":[{"href":"https:\/\/www.bibliotecadeseguranca.com.br\/fr\/wp-json\/wp\/v2\/posts\/8344","targetHints":{"allow":["GET"]}}],"collection":[{"href":"https:\/\/www.bibliotecadeseguranca.com.br\/fr\/wp-json\/wp\/v2\/posts"}],"about":[{"href":"https:\/\/www.bibliotecadeseguranca.com.br\/fr\/wp-json\/wp\/v2\/types\/post"}],"author":[{"embeddable":true,"href":"https:\/\/www.bibliotecadeseguranca.com.br\/fr\/wp-json\/wp\/v2\/users\/3"}],"replies":[{"embeddable":true,"href":"https:\/\/www.bibliotecadeseguranca.com.br\/fr\/wp-json\/wp\/v2\/comments?post=8344"}],"version-history":[{"count":3,"href":"https:\/\/www.bibliotecadeseguranca.com.br\/fr\/wp-json\/wp\/v2\/posts\/8344\/revisions"}],"predecessor-version":[{"id":9970,"href":"https:\/\/www.bibliotecadeseguranca.com.br\/fr\/wp-json\/wp\/v2\/posts\/8344\/revisions\/9970"}],"wp:featuredmedia":[{"embeddable":true,"href":"https:\/\/www.bibliotecadeseguranca.com.br\/fr\/wp-json\/wp\/v2\/media\/8345"}],"wp:attachment":[{"href":"https:\/\/www.bibliotecadeseguranca.com.br\/fr\/wp-json\/wp\/v2\/media?parent=8344"}],"wp:term":[{"taxonomy":"category","embeddable":true,"href":"https:\/\/www.bibliotecadeseguranca.com.br\/fr\/wp-json\/wp\/v2\/categories?post=8344"},{"taxonomy":"post_tag","embeddable":true,"href":"https:\/\/www.bibliotecadeseguranca.com.br\/fr\/wp-json\/wp\/v2\/tags?post=8344"}],"curies":[{"name":"wp","href":"https:\/\/api.w.org\/{rel}","templated":true}]}}