{"id":8286,"date":"2013-06-03T07:42:48","date_gmt":"2013-06-03T10:42:48","guid":{"rendered":"http:\/\/www.bibliotecadeseguranca.com.br\/fr\/?p=8286"},"modified":"2014-12-31T01:44:51","modified_gmt":"2014-12-31T04:44:51","slug":"meu-casaco-de-general","status":"publish","type":"post","link":"https:\/\/www.bibliotecadeseguranca.com.br\/fr\/livros\/meu-casaco-de-general\/","title":{"rendered":"Meu Casaco de General"},"content":{"rendered":"<p><strong><img loading=\"lazy\" decoding=\"async\" class=\"alignleft size-full wp-image-8287\" alt=\"Meu Casaco de General\" src=\"http:\/\/www.bibliotecadeseguranca.com.br\/fr\/wp-content\/uploads\/2013\/06\/meu-casaco-de-general.jpg\" width=\"145\" height=\"215\" srcset=\"https:\/\/www.bibliotecadeseguranca.com.br\/fr\/wp-content\/uploads\/2013\/06\/meu-casaco-de-general.jpg 145w, https:\/\/www.bibliotecadeseguranca.com.br\/fr\/wp-content\/uploads\/2013\/06\/meu-casaco-de-general-101x150.jpg 101w\" sizes=\"auto, (max-width: 145px) 100vw, 145px\" \/><span style=\"color: #003366;\">Luiz Eduardo Soares<\/span><\/strong><\/p>\n<p><span style=\"color: #003366;\"><strong>Editor Companhia das Letras<\/strong><\/span><\/p>\n<p><span style=\"color: #003366;\"><strong>Descripci\u00f3n:<\/strong><\/span> O antrop\u00f3logo e cientista pol\u00edtico Luiz Eduardo Soares conta a sua experi\u00eancia ao integrar a Secretaria de Seguran\u00e7a do Estado do Rio de Janeiro do governador Anthony Garotinho em &#8220;Meu Casaco de General&#8221;.<\/p>\n<p>O autor relata os bastidores do intenso conflito entre as organiza\u00e7\u00f5es criminosas e a ordem institucionalizada. Eduardo Soares conta a sua aventura pessoal em meio aos golpes baixos das guerras palacianas, contando a hist\u00f3ria da inven\u00e7\u00e3o de uma nova pol\u00edtica de seguran\u00e7a p\u00fablica. &#8220;Meu Casaco de General&#8221; demonstra que a possibilidade de efici\u00eancia das pol\u00edcias depende intrinsecamente do respeito \u00e0 lei e aos valores de cidadania.<\/p>\n<p>No pref\u00e1cio, o jornalista Marcos S\u00e1 Corr\u00eaa escreve que este livro &#8220;recoloca nos trilhos um projeto de mais de duas d\u00e9cadas: provar que a viol\u00eancia carioca &#8211; logo, a inseguran\u00e7a p\u00fablica de qualquer cidade brasileira &#8211; tem rem\u00e9dio. Incur\u00e1vel \u00e9 a voca\u00e7\u00e3o dos pol\u00edticos para errar os rem\u00e9dios que empregam em seu tratamento. [&#8230;] Isto aqui \u00e9 a hist\u00f3ria de um esc\u00e2ndalo. Mas um esc\u00e2ndalo revirado com ass\u00e9ptica limpeza&#8221;.<\/p>\n<p>O livro recebeu o pr\u00eamio Jabuti de Melhor Reportagem e Biografia, Men\u00e7\u00e3o Honrosa, em 2002.<\/p>\n","protected":false},"excerpt":{"rendered":"<p>Luiz Eduardo Soares Editor Companhia das Letras Descripci\u00f3n: O antrop\u00f3logo e cientista pol\u00edtico Luiz Eduardo Soares conta a sua experi\u00eancia ao integrar a Secretaria de Seguran\u00e7a do Estado do Rio de Janeiro do governador Anthony Garotinho em &#8220;Meu Casaco de General&#8221;. O autor relata os bastidores do intenso conflito entre as organiza\u00e7\u00f5es criminosas e a ordem institucionalizada. Eduardo Soares conta a sua aventura pessoal em meio aos golpes baixos das&hellip; <\/p>\n","protected":false},"author":3,"featured_media":8287,"comment_status":"open","ping_status":"closed","sticky":false,"template":"","format":"standard","meta":{"footnotes":""},"categories":[10,23,6,25],"tags":[],"class_list":["post-8286","post","type-post","status-publish","format-standard","has-post-thumbnail","hentry","category-crime-violencia-e-criminologia","category-gestao-da-seguranca-empresarial","category-livros","category-seguranca-publica-e-defesa"],"views":358,"_links":{"self":[{"href":"https:\/\/www.bibliotecadeseguranca.com.br\/fr\/wp-json\/wp\/v2\/posts\/8286","targetHints":{"allow":["GET"]}}],"collection":[{"href":"https:\/\/www.bibliotecadeseguranca.com.br\/fr\/wp-json\/wp\/v2\/posts"}],"about":[{"href":"https:\/\/www.bibliotecadeseguranca.com.br\/fr\/wp-json\/wp\/v2\/types\/post"}],"author":[{"embeddable":true,"href":"https:\/\/www.bibliotecadeseguranca.com.br\/fr\/wp-json\/wp\/v2\/users\/3"}],"replies":[{"embeddable":true,"href":"https:\/\/www.bibliotecadeseguranca.com.br\/fr\/wp-json\/wp\/v2\/comments?post=8286"}],"version-history":[{"count":2,"href":"https:\/\/www.bibliotecadeseguranca.com.br\/fr\/wp-json\/wp\/v2\/posts\/8286\/revisions"}],"predecessor-version":[{"id":9946,"href":"https:\/\/www.bibliotecadeseguranca.com.br\/fr\/wp-json\/wp\/v2\/posts\/8286\/revisions\/9946"}],"wp:featuredmedia":[{"embeddable":true,"href":"https:\/\/www.bibliotecadeseguranca.com.br\/fr\/wp-json\/wp\/v2\/media\/8287"}],"wp:attachment":[{"href":"https:\/\/www.bibliotecadeseguranca.com.br\/fr\/wp-json\/wp\/v2\/media?parent=8286"}],"wp:term":[{"taxonomy":"category","embeddable":true,"href":"https:\/\/www.bibliotecadeseguranca.com.br\/fr\/wp-json\/wp\/v2\/categories?post=8286"},{"taxonomy":"post_tag","embeddable":true,"href":"https:\/\/www.bibliotecadeseguranca.com.br\/fr\/wp-json\/wp\/v2\/tags?post=8286"}],"curies":[{"name":"wp","href":"https:\/\/api.w.org\/{rel}","templated":true}]}}