{"id":8280,"date":"2013-06-03T07:39:51","date_gmt":"2013-06-03T10:39:51","guid":{"rendered":"http:\/\/www.bibliotecadeseguranca.com.br\/fr\/?p=8280"},"modified":"2014-02-05T23:43:56","modified_gmt":"2014-02-06T02:43:56","slug":"guarda-municipal","status":"publish","type":"post","link":"https:\/\/www.bibliotecadeseguranca.com.br\/fr\/livros\/guarda-municipal\/","title":{"rendered":"Guarda Municipal"},"content":{"rendered":"<p><strong><img loading=\"lazy\" decoding=\"async\" class=\"alignleft size-full wp-image-8281\" alt=\"Guarda Municipal\" src=\"http:\/\/www.bibliotecadeseguranca.com.br\/fr\/wp-content\/uploads\/2013\/06\/guarda-municipal.jpg\" width=\"145\" height=\"206\" srcset=\"https:\/\/www.bibliotecadeseguranca.com.br\/fr\/wp-content\/uploads\/2013\/06\/guarda-municipal.jpg 145w, https:\/\/www.bibliotecadeseguranca.com.br\/fr\/wp-content\/uploads\/2013\/06\/guarda-municipal-105x150.jpg 105w\" sizes=\"auto, (max-width: 145px) 100vw, 145px\" \/><span style=\"color: #003366;\">Claudio Frederico de Carvalho<\/span><\/strong><\/p>\n<p><span style=\"color: #003366;\"><strong>Editor Clube de Autores<\/strong><\/span><\/p>\n<p><span style=\"color: #003366;\"><strong>Descripci\u00f3n:<\/strong><\/span> A obra apresentada pelo autor resgata a import\u00e2ncia da Guarda Municipal em nosso pa\u00eds, cuja exist\u00eancia remonta a 1531, no Governo Geral de Martim Afonso de Souza, at\u00e9 a sua extin\u00e7\u00e3o, ocorrida em 1937.<\/p>\n<p>Dos homens que serviram nas fileiras da Guarda Municipal, destaca-se o comandante do Corpo de Guardas Municipais Permanentes da Corte, o Major Luiz Alves de Lima e Silva, Duque de Caxias, como tamb\u00e9m a bravura de v\u00e1rios homens que morreram na defesa da p\u00e1tria quando da Guerra do Paraguai.<\/p>\n<p>Com a promulga\u00e7\u00e3o da nova carta constitucional, em 1988, os munic\u00edpios voltaram a ter o poder de criar as suas Guardas Municipais, e em Curitiba, por meio da Lei 7356\/89, foi recriada a sua Guarda Municipal, com o lema &#8220;Pro lege semper vigilans&#8221;.<\/p>\n<p>Para que alguma coisa se perpetue na hist\u00f3ria, faz-se necess\u00e1rio o seu resgate, guardar a sua origem, preservar o seu passado, para que todos saibam de onde veio, como veio e para que veio. O autor, membro integrante e atuante da referida Guarda Municipal, com grande senso de vis\u00e3o apresenta o resumo hist\u00f3rico e principalmente a evolu\u00e7\u00e3o da Guarda Municipal de Curitiba, bem como distingue, pelas atribui\u00e7\u00f5es, as compet\u00eancias da pol\u00edcia civil e da pol\u00edcia militar, que possuem peculiaridades pr\u00f3prias.<\/p>\n<p>O curriculum do autor, apresentado com a sua obra, mostra que ap\u00f3s galgar posi\u00e7\u00f5es dentro dos quadros da Guarda Municipal, exerce atualmente a de Inspetor, mostrando ser pessoa n\u00e3o acostumada a permanecer impass\u00edvel \u00e0s dificuldades e, preocupado com a cultura e a forma\u00e7\u00e3o de seus comandados, participou de v\u00e1rios cursos, congressos e semin\u00e1rios, somando ainda \u00e0 grande qualidade de ser um formador de opini\u00e3o, como docente.<\/p>\n<p>Pelo seu hist\u00f3rico, o autor passou a integrar os quadros da Guarda Municipal ap\u00f3s a Constitui\u00e7\u00e3o de 1988, conquistando sua ascens\u00e3o promocional. \u00c9 um lutador que vem vencendo todos os n\u00edveis de sua carreira, sabendo valorizar as conquistas realizadas, tendo uma vis\u00e3o plena das necessidades e dificuldades dessa nova institui\u00e7\u00e3o, sem se distanciar do lado humano.<\/p>\n<p>&#8220;O que voc\u00ea precisa saber sobre a Guarda Municipal e nunca teve a quem perguntar&#8221; se constitui numa resposta \u00e0s perguntas e anseios da popula\u00e7\u00e3o, oferecida por algu\u00e9m que vive plenamente a sua profiss\u00e3o e est\u00e1 preocupado em esclarecer a comunidade.<\/p>\n<p>Sinto-me orgulhoso em apresentar o autor \u00e0 comunidade e honrado em haver participado, modestamente, de sua forma\u00e7\u00e3o acad\u00eamica, como professor. \u00c9 na qualidade de professor\/instrutor que o autor passar\u00e1 seu conhecimento aos demais comandados, resgatando o verdadeiro sentido de cidadania.<\/p>\n<p>Parabenizo pela iniciativa de apresentar \u00e0 popula\u00e7\u00e3o o hist\u00f3rico da Guarda Municipal, o que \u00e9, qual sua finalidade e atribui\u00e7\u00f5es, em linguajar simples, de f\u00e1cil entendimento, mostrando aos cidad\u00e3os paranaenses que esta institui\u00e7\u00e3o vem sendo modelo para outros Estados da Federa\u00e7\u00e3o.<\/p>\n","protected":false},"excerpt":{"rendered":"<p>Claudio Frederico de Carvalho Editor Clube de Autores Descripci\u00f3n: A obra apresentada pelo autor resgata a import\u00e2ncia da Guarda Municipal em nosso pa\u00eds, cuja exist\u00eancia remonta a 1531, no Governo Geral de Martim Afonso de Souza, at\u00e9 a sua extin\u00e7\u00e3o, ocorrida em 1937. Dos homens que serviram nas fileiras da Guarda Municipal, destaca-se o comandante do Corpo de Guardas Municipais Permanentes da Corte, o Major Luiz Alves de Lima e&hellip; <\/p>\n","protected":false},"author":3,"featured_media":8281,"comment_status":"open","ping_status":"closed","sticky":false,"template":"","format":"standard","meta":{"footnotes":""},"categories":[6,25],"tags":[],"class_list":["post-8280","post","type-post","status-publish","format-standard","has-post-thumbnail","hentry","category-livros","category-seguranca-publica-e-defesa"],"views":309,"_links":{"self":[{"href":"https:\/\/www.bibliotecadeseguranca.com.br\/fr\/wp-json\/wp\/v2\/posts\/8280","targetHints":{"allow":["GET"]}}],"collection":[{"href":"https:\/\/www.bibliotecadeseguranca.com.br\/fr\/wp-json\/wp\/v2\/posts"}],"about":[{"href":"https:\/\/www.bibliotecadeseguranca.com.br\/fr\/wp-json\/wp\/v2\/types\/post"}],"author":[{"embeddable":true,"href":"https:\/\/www.bibliotecadeseguranca.com.br\/fr\/wp-json\/wp\/v2\/users\/3"}],"replies":[{"embeddable":true,"href":"https:\/\/www.bibliotecadeseguranca.com.br\/fr\/wp-json\/wp\/v2\/comments?post=8280"}],"version-history":[{"count":3,"href":"https:\/\/www.bibliotecadeseguranca.com.br\/fr\/wp-json\/wp\/v2\/posts\/8280\/revisions"}],"predecessor-version":[{"id":9943,"href":"https:\/\/www.bibliotecadeseguranca.com.br\/fr\/wp-json\/wp\/v2\/posts\/8280\/revisions\/9943"}],"wp:featuredmedia":[{"embeddable":true,"href":"https:\/\/www.bibliotecadeseguranca.com.br\/fr\/wp-json\/wp\/v2\/media\/8281"}],"wp:attachment":[{"href":"https:\/\/www.bibliotecadeseguranca.com.br\/fr\/wp-json\/wp\/v2\/media?parent=8280"}],"wp:term":[{"taxonomy":"category","embeddable":true,"href":"https:\/\/www.bibliotecadeseguranca.com.br\/fr\/wp-json\/wp\/v2\/categories?post=8280"},{"taxonomy":"post_tag","embeddable":true,"href":"https:\/\/www.bibliotecadeseguranca.com.br\/fr\/wp-json\/wp\/v2\/tags?post=8280"}],"curies":[{"name":"wp","href":"https:\/\/api.w.org\/{rel}","templated":true}]}}