{"id":8225,"date":"2013-05-20T05:06:51","date_gmt":"2013-05-20T08:06:51","guid":{"rendered":"http:\/\/www.bibliotecadeseguranca.com.br\/fr\/?p=8225"},"modified":"2014-02-04T06:00:28","modified_gmt":"2014-02-04T09:00:28","slug":"espanhol-para-profissionais-de-seguranca","status":"publish","type":"post","link":"https:\/\/www.bibliotecadeseguranca.com.br\/fr\/livros\/espanhol-para-profissionais-de-seguranca\/","title":{"rendered":"Espanhol para Profissionais de Seguran\u00e7a"},"content":{"rendered":"<p><strong><img loading=\"lazy\" decoding=\"async\" class=\"alignleft size-full wp-image-8226\" alt=\"Espanhol para Profissionais de Seguran\u00e7a\" src=\"http:\/\/www.bibliotecadeseguranca.com.br\/fr\/wp-content\/uploads\/2013\/05\/espanhol-para-profissionais-de-seguranca.jpg\" width=\"145\" height=\"197\" srcset=\"https:\/\/www.bibliotecadeseguranca.com.br\/fr\/wp-content\/uploads\/2013\/05\/espanhol-para-profissionais-de-seguranca.jpg 145w, https:\/\/www.bibliotecadeseguranca.com.br\/fr\/wp-content\/uploads\/2013\/05\/espanhol-para-profissionais-de-seguranca-110x150.jpg 110w\" sizes=\"auto, (max-width: 145px) 100vw, 145px\" \/><span style=\"color: #003366;\">Senac<\/span><\/strong><\/p>\n<p><span style=\"color: #003366;\"><strong>Editor Senac S\u00e3o Paulo<\/strong><\/span><\/p>\n<p><span style=\"color: #003366;\"><strong>Descripci\u00f3n:<\/strong><\/span> &#8220;Espanhol para Profissionais de Seguran\u00e7a&#8221; oferece instrumentos lingu\u00edsticos no idioma referido, aos profissionais das \u00e1reas de seguran\u00e7a em estabelecimentos p\u00fablicos ou privados, propondo atividades relacionadas a situa\u00e7\u00f5es pr\u00e1ticas que privilegiam a comunica\u00e7\u00e3o.<\/p>\n","protected":false},"excerpt":{"rendered":"<p>Senac Editor Senac S\u00e3o Paulo Descripci\u00f3n: &#8220;Espanhol para Profissionais de Seguran\u00e7a&#8221; oferece instrumentos lingu\u00edsticos no idioma referido, aos profissionais das \u00e1reas de seguran\u00e7a em estabelecimentos p\u00fablicos ou privados, propondo atividades relacionadas a situa\u00e7\u00f5es pr\u00e1ticas que privilegiam a comunica\u00e7\u00e3o.<\/p>\n","protected":false},"author":3,"featured_media":8226,"comment_status":"closed","ping_status":"closed","sticky":false,"template":"","format":"standard","meta":{"footnotes":""},"categories":[81,23,6,25],"tags":[],"class_list":["post-8225","post","type-post","status-publish","format-standard","has-post-thumbnail","hentry","category-espanol","category-gestao-da-seguranca-empresarial","category-livros","category-seguranca-publica-e-defesa"],"views":441,"_links":{"self":[{"href":"https:\/\/www.bibliotecadeseguranca.com.br\/fr\/wp-json\/wp\/v2\/posts\/8225","targetHints":{"allow":["GET"]}}],"collection":[{"href":"https:\/\/www.bibliotecadeseguranca.com.br\/fr\/wp-json\/wp\/v2\/posts"}],"about":[{"href":"https:\/\/www.bibliotecadeseguranca.com.br\/fr\/wp-json\/wp\/v2\/types\/post"}],"author":[{"embeddable":true,"href":"https:\/\/www.bibliotecadeseguranca.com.br\/fr\/wp-json\/wp\/v2\/users\/3"}],"replies":[{"embeddable":true,"href":"https:\/\/www.bibliotecadeseguranca.com.br\/fr\/wp-json\/wp\/v2\/comments?post=8225"}],"version-history":[{"count":5,"href":"https:\/\/www.bibliotecadeseguranca.com.br\/fr\/wp-json\/wp\/v2\/posts\/8225\/revisions"}],"predecessor-version":[{"id":9922,"href":"https:\/\/www.bibliotecadeseguranca.com.br\/fr\/wp-json\/wp\/v2\/posts\/8225\/revisions\/9922"}],"wp:featuredmedia":[{"embeddable":true,"href":"https:\/\/www.bibliotecadeseguranca.com.br\/fr\/wp-json\/wp\/v2\/media\/8226"}],"wp:attachment":[{"href":"https:\/\/www.bibliotecadeseguranca.com.br\/fr\/wp-json\/wp\/v2\/media?parent=8225"}],"wp:term":[{"taxonomy":"category","embeddable":true,"href":"https:\/\/www.bibliotecadeseguranca.com.br\/fr\/wp-json\/wp\/v2\/categories?post=8225"},{"taxonomy":"post_tag","embeddable":true,"href":"https:\/\/www.bibliotecadeseguranca.com.br\/fr\/wp-json\/wp\/v2\/tags?post=8225"}],"curies":[{"name":"wp","href":"https:\/\/api.w.org\/{rel}","templated":true}]}}