{"id":8214,"date":"2013-05-17T05:04:33","date_gmt":"2013-05-17T08:04:33","guid":{"rendered":"http:\/\/www.bibliotecadeseguranca.com.br\/fr\/?p=8214"},"modified":"2014-02-05T23:46:19","modified_gmt":"2014-02-06T02:46:19","slug":"gestao-por-competencias-e-gestao-do-conhecimento","status":"publish","type":"post","link":"https:\/\/www.bibliotecadeseguranca.com.br\/fr\/livros\/gestao-por-competencias-e-gestao-do-conhecimento\/","title":{"rendered":"Gest\u00e3o Por Compet\u00eancias e Gest\u00e3o do Conhecimento"},"content":{"rendered":"<p><strong><img loading=\"lazy\" decoding=\"async\" class=\"alignleft size-full wp-image-8215\" alt=\"Gest\u00e3o Por Compet\u00eancias e Gest\u00e3o do Conhecimento\" src=\"http:\/\/www.bibliotecadeseguranca.com.br\/fr\/wp-content\/uploads\/2013\/05\/gestao-por-competencias-e-gestao-do-conhecimento.jpg\" width=\"145\" height=\"217\" srcset=\"https:\/\/www.bibliotecadeseguranca.com.br\/fr\/wp-content\/uploads\/2013\/05\/gestao-por-competencias-e-gestao-do-conhecimento.jpg 145w, https:\/\/www.bibliotecadeseguranca.com.br\/fr\/wp-content\/uploads\/2013\/05\/gestao-por-competencias-e-gestao-do-conhecimento-100x150.jpg 100w\" sizes=\"auto, (max-width: 145px) 100vw, 145px\" \/><span style=\"color: #003366;\">Hugo Pena Brand\u00e3o, Itamar Moreira, Jo\u00e3o Batista Diniz Leite, Pedro Paulo Carbone, Rosa Maria de Paula Vilhena e Sylvia Constant Vergara<\/span><\/strong><\/p>\n<p><span style=\"color: #003366;\"><strong>Editor FGV<\/strong><\/span><\/p>\n<p><span style=\"color: #003366;\"><strong>Descripci\u00f3n:<\/strong><\/span> O conhecimento passou a ser um recurso essencial na sociedade da informa\u00e7\u00e3o. Por isso, sua correta gest\u00e3o \u00e9 fundamental para a sobreviv\u00eancia das organiza\u00e7\u00f5es. N\u00e3o pode haver nem desperd\u00edcio, nem subutiliza\u00e7\u00e3o de recurso t\u00e3o valioso. A gest\u00e3o do conhecimento e a gest\u00e3o por compet\u00eancias s\u00e3o um grande desafio, que este livro procura enfrentar tratando de forma did\u00e1tica seus conceitos, modelos, experi\u00eancias em outros pa\u00edses e temas como aprendizagem organizacional, capital intelectual e perspectivas para a \u00e1rea.<\/p>\n","protected":false},"excerpt":{"rendered":"<p>Hugo Pena Brand\u00e3o, Itamar Moreira, Jo\u00e3o Batista Diniz Leite, Pedro Paulo Carbone, Rosa Maria de Paula Vilhena e Sylvia Constant Vergara Editor FGV Descripci\u00f3n: O conhecimento passou a ser um recurso essencial na sociedade da informa\u00e7\u00e3o. Por isso, sua correta gest\u00e3o \u00e9 fundamental para a sobreviv\u00eancia das organiza\u00e7\u00f5es. N\u00e3o pode haver nem desperd\u00edcio, nem subutiliza\u00e7\u00e3o de recurso t\u00e3o valioso. A gest\u00e3o do conhecimento e a gest\u00e3o por compet\u00eancias s\u00e3o um&hellip; <\/p>\n","protected":false},"author":3,"featured_media":8215,"comment_status":"open","ping_status":"closed","sticky":false,"template":"","format":"standard","meta":{"footnotes":""},"categories":[30,6],"tags":[],"class_list":["post-8214","post","type-post","status-publish","format-standard","has-post-thumbnail","hentry","category-espionagem-e-inteligencia-competitiva","category-livros"],"views":222,"_links":{"self":[{"href":"https:\/\/www.bibliotecadeseguranca.com.br\/fr\/wp-json\/wp\/v2\/posts\/8214","targetHints":{"allow":["GET"]}}],"collection":[{"href":"https:\/\/www.bibliotecadeseguranca.com.br\/fr\/wp-json\/wp\/v2\/posts"}],"about":[{"href":"https:\/\/www.bibliotecadeseguranca.com.br\/fr\/wp-json\/wp\/v2\/types\/post"}],"author":[{"embeddable":true,"href":"https:\/\/www.bibliotecadeseguranca.com.br\/fr\/wp-json\/wp\/v2\/users\/3"}],"replies":[{"embeddable":true,"href":"https:\/\/www.bibliotecadeseguranca.com.br\/fr\/wp-json\/wp\/v2\/comments?post=8214"}],"version-history":[{"count":2,"href":"https:\/\/www.bibliotecadeseguranca.com.br\/fr\/wp-json\/wp\/v2\/posts\/8214\/revisions"}],"predecessor-version":[{"id":9919,"href":"https:\/\/www.bibliotecadeseguranca.com.br\/fr\/wp-json\/wp\/v2\/posts\/8214\/revisions\/9919"}],"wp:featuredmedia":[{"embeddable":true,"href":"https:\/\/www.bibliotecadeseguranca.com.br\/fr\/wp-json\/wp\/v2\/media\/8215"}],"wp:attachment":[{"href":"https:\/\/www.bibliotecadeseguranca.com.br\/fr\/wp-json\/wp\/v2\/media?parent=8214"}],"wp:term":[{"taxonomy":"category","embeddable":true,"href":"https:\/\/www.bibliotecadeseguranca.com.br\/fr\/wp-json\/wp\/v2\/categories?post=8214"},{"taxonomy":"post_tag","embeddable":true,"href":"https:\/\/www.bibliotecadeseguranca.com.br\/fr\/wp-json\/wp\/v2\/tags?post=8214"}],"curies":[{"name":"wp","href":"https:\/\/api.w.org\/{rel}","templated":true}]}}