{"id":8193,"date":"2013-05-13T05:05:01","date_gmt":"2013-05-13T08:05:01","guid":{"rendered":"http:\/\/www.bibliotecadeseguranca.com.br\/fr\/?p=8193"},"modified":"2014-02-05T23:49:45","modified_gmt":"2014-02-06T02:49:45","slug":"desafios-a-seguranca-publica","status":"publish","type":"post","link":"https:\/\/www.bibliotecadeseguranca.com.br\/fr\/livros\/desafios-a-seguranca-publica\/","title":{"rendered":"Desafios \u00e0 Seguran\u00e7a P\u00fablica"},"content":{"rendered":"<p><strong><img loading=\"lazy\" decoding=\"async\" class=\"alignleft size-full wp-image-8194\" alt=\"Desafios \u00e0 Seguran\u00e7a P\u00fablica\" src=\"http:\/\/www.bibliotecadeseguranca.com.br\/fr\/wp-content\/uploads\/2013\/05\/desafios-a-seguranca-publica.jpg\" width=\"145\" height=\"209\" srcset=\"https:\/\/www.bibliotecadeseguranca.com.br\/fr\/wp-content\/uploads\/2013\/05\/desafios-a-seguranca-publica.jpg 145w, https:\/\/www.bibliotecadeseguranca.com.br\/fr\/wp-content\/uploads\/2013\/05\/desafios-a-seguranca-publica-104x150.jpg 104w\" sizes=\"auto, (max-width: 145px) 100vw, 145px\" \/><span style=\"color: #003366;\">B\u00f3ris Ribeiro de Magalh\u00e3es, Thiago Texeira Sabatine e Lu\u00eds Ant\u00f4nio Francisco de Souza<\/span><\/strong><\/p>\n<p><span style=\"color: #003366;\"><strong>Editor Cultura Acad\u00eamica<\/strong><\/span><\/p>\n<p><span style=\"color: #003366;\"><strong>Descripci\u00f3n:<\/strong><\/span> Este livro cartografa, sem perder de vista o processo hist\u00f3rico, o atual contexto da seguran\u00e7a p\u00fablica no Brasil e aponta suas dimens\u00f5es contradit\u00f3rias, marcadas por estrat\u00e9gias err\u00e1ticas. Em meio ao cen\u00e1rio de expans\u00e3o das formas de controle social, os temas abordados envolvem todo um debate sobre direitos humanos, viol\u00eancia, discrimina\u00e7\u00e3o e criminaliza\u00e7\u00e3o de grupos sociais, Estas quest\u00f5es ganharam relevo no meio acad\u00eamico o processo de democratiza\u00e7\u00e3o do Brasil. Hoje, o debate sobre as conquistas na \u00e1rea coloca em d\u00favida a capacidade do complexo da seguran\u00e7a de garantir n\u00edveis aceit\u00e1veis da paz com prote\u00e7\u00e3o de direitos de cidadania.<\/p>\n","protected":false},"excerpt":{"rendered":"<p>B\u00f3ris Ribeiro de Magalh\u00e3es, Thiago Texeira Sabatine e Lu\u00eds Ant\u00f4nio Francisco de Souza Editor Cultura Acad\u00eamica Descripci\u00f3n: Este livro cartografa, sem perder de vista o processo hist\u00f3rico, o atual contexto da seguran\u00e7a p\u00fablica no Brasil e aponta suas dimens\u00f5es contradit\u00f3rias, marcadas por estrat\u00e9gias err\u00e1ticas. Em meio ao cen\u00e1rio de expans\u00e3o das formas de controle social, os temas abordados envolvem todo um debate sobre direitos humanos, viol\u00eancia, discrimina\u00e7\u00e3o e criminaliza\u00e7\u00e3o de&hellip; <\/p>\n","protected":false},"author":3,"featured_media":8194,"comment_status":"open","ping_status":"closed","sticky":false,"template":"","format":"standard","meta":{"footnotes":""},"categories":[6,25],"tags":[],"class_list":["post-8193","post","type-post","status-publish","format-standard","has-post-thumbnail","hentry","category-livros","category-seguranca-publica-e-defesa"],"views":478,"_links":{"self":[{"href":"https:\/\/www.bibliotecadeseguranca.com.br\/fr\/wp-json\/wp\/v2\/posts\/8193","targetHints":{"allow":["GET"]}}],"collection":[{"href":"https:\/\/www.bibliotecadeseguranca.com.br\/fr\/wp-json\/wp\/v2\/posts"}],"about":[{"href":"https:\/\/www.bibliotecadeseguranca.com.br\/fr\/wp-json\/wp\/v2\/types\/post"}],"author":[{"embeddable":true,"href":"https:\/\/www.bibliotecadeseguranca.com.br\/fr\/wp-json\/wp\/v2\/users\/3"}],"replies":[{"embeddable":true,"href":"https:\/\/www.bibliotecadeseguranca.com.br\/fr\/wp-json\/wp\/v2\/comments?post=8193"}],"version-history":[{"count":4,"href":"https:\/\/www.bibliotecadeseguranca.com.br\/fr\/wp-json\/wp\/v2\/posts\/8193\/revisions"}],"predecessor-version":[{"id":10303,"href":"https:\/\/www.bibliotecadeseguranca.com.br\/fr\/wp-json\/wp\/v2\/posts\/8193\/revisions\/10303"}],"wp:featuredmedia":[{"embeddable":true,"href":"https:\/\/www.bibliotecadeseguranca.com.br\/fr\/wp-json\/wp\/v2\/media\/8194"}],"wp:attachment":[{"href":"https:\/\/www.bibliotecadeseguranca.com.br\/fr\/wp-json\/wp\/v2\/media?parent=8193"}],"wp:term":[{"taxonomy":"category","embeddable":true,"href":"https:\/\/www.bibliotecadeseguranca.com.br\/fr\/wp-json\/wp\/v2\/categories?post=8193"},{"taxonomy":"post_tag","embeddable":true,"href":"https:\/\/www.bibliotecadeseguranca.com.br\/fr\/wp-json\/wp\/v2\/tags?post=8193"}],"curies":[{"name":"wp","href":"https:\/\/api.w.org\/{rel}","templated":true}]}}