{"id":8190,"date":"2013-05-13T05:04:05","date_gmt":"2013-05-13T08:04:05","guid":{"rendered":"http:\/\/www.bibliotecadeseguranca.com.br\/fr\/?p=8190"},"modified":"2014-08-21T18:41:52","modified_gmt":"2014-08-21T21:41:52","slug":"politicas-de-seguranca-publica-no-estado-de-sao-paulo","status":"publish","type":"post","link":"https:\/\/www.bibliotecadeseguranca.com.br\/fr\/livros\/politicas-de-seguranca-publica-no-estado-de-sao-paulo\/","title":{"rendered":"Pol\u00edticas de Seguran\u00e7a P\u00fablica no Estado de S\u00e3o Paulo"},"content":{"rendered":"<p><strong><img loading=\"lazy\" decoding=\"async\" class=\"alignleft size-full wp-image-8191\" src=\"http:\/\/www.bibliotecadeseguranca.com.br\/fr\/wp-content\/uploads\/2013\/05\/politicas-de-seguranca-publica-no-estado-de-sao-paulo.jpg\" alt=\"Pol\u00edticas de Seguran\u00e7a P\u00fablica no Estado de S\u00e3o Paulo\" width=\"145\" height=\"218\" srcset=\"https:\/\/www.bibliotecadeseguranca.com.br\/fr\/wp-content\/uploads\/2013\/05\/politicas-de-seguranca-publica-no-estado-de-sao-paulo.jpg 145w, https:\/\/www.bibliotecadeseguranca.com.br\/fr\/wp-content\/uploads\/2013\/05\/politicas-de-seguranca-publica-no-estado-de-sao-paulo-99x150.jpg 99w\" sizes=\"auto, (max-width: 145px) 100vw, 145px\" \/><span style=\"color: #003366;\">Lu\u00eds Ant\u00f4nio Francisco de Souza<\/span><\/strong><\/p>\n<p><span style=\"color: #003366;\"><strong>Editor UNESP<\/strong><\/span><\/p>\n<p><span style=\"color: #003366;\"><strong>Descripci\u00f3n:<\/strong><\/span> Esta obra apresenta os resultados de uma investiga\u00e7\u00e3o sobre as pol\u00edticas de seguran\u00e7a p\u00fablica, no Estado de S\u00e3o Paulo, no per\u00edodo de 1989 a 2008, realizada por pesquisadores vinculados, direta ou indiretamente, ao Observat\u00f3rio de Seguran\u00e7a P\u00fablica da Unesp, campus de Mar\u00edlia (OSP). Durante tal per\u00edodo, que se iniciou com a promulga\u00e7\u00e3o de uma nova Constitui\u00e7\u00e3o, marcada por um amplo repert\u00f3rio de direitos, a seguran\u00e7a ganhou foro de preocupa\u00e7\u00e3o nacional, estando presente nos principais \u00f3rg\u00e3os da imprensa e nos debates legislativos. Da\u00ed a import\u00e2ncia deste livro, que analisa sob diferentes perspectivas um vasto leque de problemas afetos \u00e0 seguran\u00e7a p\u00fablica, como por exemplo, a efici\u00eancia e os limites da a\u00e7\u00e3o policial, o acesso \u00e0 justi\u00e7a, a reforma da legisla\u00e7\u00e3o penal, a reforma das pris\u00f5es, o controle do crime organizado, da corrup\u00e7\u00e3o e da pr\u00f3pria a\u00e7\u00e3o policial, o policiamento comunit\u00e1rio, entre outras iniciativas que merecem ser recenseadas e melhor avaliadas. S\u00e3o temas da maior atualidade e urg\u00eancia.<\/p>\n<p><a title=\"Pol\u00edticas de Seguran\u00e7a P\u00fablica no Estado de S\u00e3o Paulo\" href=\"http:\/\/books.scielo.org\/id\/7yddh\" target=\"_blank\"><img loading=\"lazy\" decoding=\"async\" class=\"alignleft size-full wp-image-11252\" src=\"http:\/\/www.bibliotecadeseguranca.com.br\/fr\/wp-content\/uploads\/2014\/08\/descargar.gif\" alt=\"Descargar\" width=\"93\" height=\"25\" \/><\/a><\/p>\n","protected":false},"excerpt":{"rendered":"<p>Lu\u00eds Ant\u00f4nio Francisco de Souza Editor UNESP Descripci\u00f3n: Esta obra apresenta os resultados de uma investiga\u00e7\u00e3o sobre as pol\u00edticas de seguran\u00e7a p\u00fablica, no Estado de S\u00e3o Paulo, no per\u00edodo de 1989 a 2008, realizada por pesquisadores vinculados, direta ou indiretamente, ao Observat\u00f3rio de Seguran\u00e7a P\u00fablica da Unesp, campus de Mar\u00edlia (OSP). Durante tal per\u00edodo, que se iniciou com a promulga\u00e7\u00e3o de uma nova Constitui\u00e7\u00e3o, marcada por um amplo repert\u00f3rio de&hellip; <\/p>\n","protected":false},"author":3,"featured_media":8191,"comment_status":"open","ping_status":"closed","sticky":false,"template":"","format":"standard","meta":{"footnotes":""},"categories":[6,25,112],"tags":[],"class_list":["post-8190","post","type-post","status-publish","format-standard","has-post-thumbnail","hentry","category-livros","category-seguranca-publica-e-defesa","category-download"],"views":273,"_links":{"self":[{"href":"https:\/\/www.bibliotecadeseguranca.com.br\/fr\/wp-json\/wp\/v2\/posts\/8190","targetHints":{"allow":["GET"]}}],"collection":[{"href":"https:\/\/www.bibliotecadeseguranca.com.br\/fr\/wp-json\/wp\/v2\/posts"}],"about":[{"href":"https:\/\/www.bibliotecadeseguranca.com.br\/fr\/wp-json\/wp\/v2\/types\/post"}],"author":[{"embeddable":true,"href":"https:\/\/www.bibliotecadeseguranca.com.br\/fr\/wp-json\/wp\/v2\/users\/3"}],"replies":[{"embeddable":true,"href":"https:\/\/www.bibliotecadeseguranca.com.br\/fr\/wp-json\/wp\/v2\/comments?post=8190"}],"version-history":[{"count":4,"href":"https:\/\/www.bibliotecadeseguranca.com.br\/fr\/wp-json\/wp\/v2\/posts\/8190\/revisions"}],"predecessor-version":[{"id":11267,"href":"https:\/\/www.bibliotecadeseguranca.com.br\/fr\/wp-json\/wp\/v2\/posts\/8190\/revisions\/11267"}],"wp:featuredmedia":[{"embeddable":true,"href":"https:\/\/www.bibliotecadeseguranca.com.br\/fr\/wp-json\/wp\/v2\/media\/8191"}],"wp:attachment":[{"href":"https:\/\/www.bibliotecadeseguranca.com.br\/fr\/wp-json\/wp\/v2\/media?parent=8190"}],"wp:term":[{"taxonomy":"category","embeddable":true,"href":"https:\/\/www.bibliotecadeseguranca.com.br\/fr\/wp-json\/wp\/v2\/categories?post=8190"},{"taxonomy":"post_tag","embeddable":true,"href":"https:\/\/www.bibliotecadeseguranca.com.br\/fr\/wp-json\/wp\/v2\/tags?post=8190"}],"curies":[{"name":"wp","href":"https:\/\/api.w.org\/{rel}","templated":true}]}}