{"id":8187,"date":"2013-05-10T05:02:28","date_gmt":"2013-05-10T08:02:28","guid":{"rendered":"http:\/\/www.bibliotecadeseguranca.com.br\/fr\/?p=8187"},"modified":"2014-11-11T19:58:37","modified_gmt":"2014-11-11T22:58:37","slug":"criminologia-integrada","status":"publish","type":"post","link":"https:\/\/www.bibliotecadeseguranca.com.br\/fr\/livros\/criminologia-integrada\/","title":{"rendered":"Criminologia Integrada"},"content":{"rendered":"<p><strong><img loading=\"lazy\" decoding=\"async\" class=\"alignleft size-full wp-image-8188\" alt=\"Criminologia Integrada\" src=\"http:\/\/www.bibliotecadeseguranca.com.br\/fr\/wp-content\/uploads\/2013\/05\/criminologia-integrada.jpg\" width=\"145\" height=\"210\" srcset=\"https:\/\/www.bibliotecadeseguranca.com.br\/fr\/wp-content\/uploads\/2013\/05\/criminologia-integrada.jpg 145w, https:\/\/www.bibliotecadeseguranca.com.br\/fr\/wp-content\/uploads\/2013\/05\/criminologia-integrada-103x150.jpg 103w\" sizes=\"auto, (max-width: 145px) 100vw, 145px\" \/><span style=\"color: #003366;\">Valter Fernandes e Newton Fernandes<\/span><\/strong><\/p>\n<p><span style=\"color: #003366;\"><strong>Editor RT<\/strong><\/span><\/p>\n<p><span style=\"color: #003366;\"><strong>Descripci\u00f3n:<\/strong><\/span> Nesta 4\u00aa edi\u00e7\u00e3o da Criminologia Integrada, amoldada \u00e0 atualidade crimin\u00f3gena em seus complexos e variegados matizes, s\u00e3o enfocados, ainda uma vez, pela relev\u00e2ncia, o conceito, a natureza, a autonomia, a divis\u00e3o e os v\u00e1rios per\u00edodos criminol\u00f3gicos at\u00e9 o surgimento da moderna Escola da Pol\u00edtica Criminal que, al\u00e9m de acenar com novas medidas profil\u00e1ticas e repressivas no empenho oficial contra o crime, propiciou significativa abertura para a criminologia Cl\u00ednica em suas valiosas abordagens no tocante a todos os fatores da criminalidade, como tamb\u00e9m permitiu a pesquisa mais realista das causas sociais e institucionais do crime.<\/p>\n","protected":false},"excerpt":{"rendered":"<p>Valter Fernandes e Newton Fernandes Editor RT Descripci\u00f3n: Nesta 4\u00aa edi\u00e7\u00e3o da Criminologia Integrada, amoldada \u00e0 atualidade crimin\u00f3gena em seus complexos e variegados matizes, s\u00e3o enfocados, ainda uma vez, pela relev\u00e2ncia, o conceito, a natureza, a autonomia, a divis\u00e3o e os v\u00e1rios per\u00edodos criminol\u00f3gicos at\u00e9 o surgimento da moderna Escola da Pol\u00edtica Criminal que, al\u00e9m de acenar com novas medidas profil\u00e1ticas e repressivas no empenho oficial contra o crime, propiciou&hellip; <\/p>\n","protected":false},"author":3,"featured_media":8188,"comment_status":"open","ping_status":"closed","sticky":false,"template":"","format":"standard","meta":{"footnotes":""},"categories":[10,6],"tags":[],"class_list":["post-8187","post","type-post","status-publish","format-standard","has-post-thumbnail","hentry","category-crime-violencia-e-criminologia","category-livros"],"views":249,"_links":{"self":[{"href":"https:\/\/www.bibliotecadeseguranca.com.br\/fr\/wp-json\/wp\/v2\/posts\/8187","targetHints":{"allow":["GET"]}}],"collection":[{"href":"https:\/\/www.bibliotecadeseguranca.com.br\/fr\/wp-json\/wp\/v2\/posts"}],"about":[{"href":"https:\/\/www.bibliotecadeseguranca.com.br\/fr\/wp-json\/wp\/v2\/types\/post"}],"author":[{"embeddable":true,"href":"https:\/\/www.bibliotecadeseguranca.com.br\/fr\/wp-json\/wp\/v2\/users\/3"}],"replies":[{"embeddable":true,"href":"https:\/\/www.bibliotecadeseguranca.com.br\/fr\/wp-json\/wp\/v2\/comments?post=8187"}],"version-history":[{"count":3,"href":"https:\/\/www.bibliotecadeseguranca.com.br\/fr\/wp-json\/wp\/v2\/posts\/8187\/revisions"}],"predecessor-version":[{"id":9908,"href":"https:\/\/www.bibliotecadeseguranca.com.br\/fr\/wp-json\/wp\/v2\/posts\/8187\/revisions\/9908"}],"wp:featuredmedia":[{"embeddable":true,"href":"https:\/\/www.bibliotecadeseguranca.com.br\/fr\/wp-json\/wp\/v2\/media\/8188"}],"wp:attachment":[{"href":"https:\/\/www.bibliotecadeseguranca.com.br\/fr\/wp-json\/wp\/v2\/media?parent=8187"}],"wp:term":[{"taxonomy":"category","embeddable":true,"href":"https:\/\/www.bibliotecadeseguranca.com.br\/fr\/wp-json\/wp\/v2\/categories?post=8187"},{"taxonomy":"post_tag","embeddable":true,"href":"https:\/\/www.bibliotecadeseguranca.com.br\/fr\/wp-json\/wp\/v2\/tags?post=8187"}],"curies":[{"name":"wp","href":"https:\/\/api.w.org\/{rel}","templated":true}]}}