{"id":8165,"date":"2013-05-07T08:53:32","date_gmt":"2013-05-07T11:53:32","guid":{"rendered":"http:\/\/www.bibliotecadeseguranca.com.br\/fr\/?p=8165"},"modified":"2014-02-05T23:50:19","modified_gmt":"2014-02-06T02:50:19","slug":"revista-seguranca-inteligente-ano-2-edicao-9","status":"publish","type":"post","link":"https:\/\/www.bibliotecadeseguranca.com.br\/fr\/periodicos-de-seguranca\/revista-seguranca-inteligente-ano-2-edicao-9\/","title":{"rendered":"Revista Seguran\u00e7a Inteligente &#8211; Ano 2 &#8211; Edi\u00e7\u00e3o 9"},"content":{"rendered":"<p><strong><img loading=\"lazy\" decoding=\"async\" class=\"alignleft size-full wp-image-8166\" alt=\"Revista Seguran\u00e7a Inteligente - Ano 2 - Edi\u00e7\u00e3o 9\" src=\"http:\/\/www.bibliotecadeseguranca.com.br\/fr\/wp-content\/uploads\/2013\/05\/revista-seguranca-inteligente-ano-2-edicao-9.jpg\" width=\"145\" height=\"192\" srcset=\"https:\/\/www.bibliotecadeseguranca.com.br\/fr\/wp-content\/uploads\/2013\/05\/revista-seguranca-inteligente-ano-2-edicao-9.jpg 145w, https:\/\/www.bibliotecadeseguranca.com.br\/fr\/wp-content\/uploads\/2013\/05\/revista-seguranca-inteligente-ano-2-edicao-9-113x150.jpg 113w\" sizes=\"auto, (max-width: 145px) 100vw, 145px\" \/><span style=\"color: #003366;\">30 Capa<\/span><\/strong><br \/>\nEspecialistas do Brasil e do exterior levam ao Congresso Internacional de Seguran\u00e7a uma an\u00e1ise em 360\u00ba da situa\u00e7\u00e3o, dos desafios e das perspectivas do setor.<\/p>\n<p><span style=\"color: #003366;\"><strong>12 Entidade<\/strong><\/span><br \/>\nSelma Migliori \u00e9 eleita presidente da Abese, em substitui\u00e7\u00e3o a Carlos Progianti, que conclui mandato no dia 1\u00ba de janeiro. Confira entrevista com os dois.<\/p>\n<p>14 Entrevista: Carlos Progianti faz balan\u00e7o de seu mandato na presid\u00eancia da Abese.<\/p>\n<p>18 Os planos de Selma Migliori e equipe para a gest\u00e3o que come\u00e7a em 1\u00ba de janeiro de 2013.<\/p>\n<p>22 Saiba quais s\u00e3o as prioridades dos novos diretores da Abese.<\/p>\n<p>28 Artigo: &#8220;Luxo, glamour, desejo e necessidade &#8211; os quatro motores do consumo&#8221;, por Luiz Oliveira.<\/p>\n<p>30 CIS apresenta o mercado em 360\u00ba.<\/p>\n<p>37 Manuel G\u00f3mez Merelo, especialista da Espanha, fala sobre a estrat\u00e9gia que transforma seu pa\u00eds em uma marca de sucesso na organiza\u00e7\u00e3o de grandes eventos esportivos.<\/p>\n<p>40 Eduardo Casarino, da Casel, diz que o fechamento de acordos regionais impulsionou e profissionalizou o mercado argentino e pode ser \u00fatil tamb\u00e9m para o Brasil.<\/p>\n<p>43 Anatel alerta para os riscos de radia\u00e7\u00e3o e interfer\u00eancia nos equipamentos de seguran\u00e7a.<\/p>\n<p>45 Resiliencia, um conceito que ganha cada vez mais adeptos.<\/p>\n<p><span style=\"color: #003366;\"><strong>48 Case<\/strong><\/span><br \/>\nConfira o que faz de Sorocaba, no interior paulista, a sexta cidade digital do pa\u00eds.<\/p>\n<p><span style=\"color: #003366;\"><strong>52 Artigo<\/strong><\/span><br \/>\n&#8220;A gest\u00e3o dos riscos de roubo e furto em empresas&#8221;, por M\u00e1rio Rei Tavares.<\/p>\n<p>58 Conhe\u00e7a os seguros feitos sob medida para empresas de sistemas eletr\u00f4nicos de seguran\u00e7a.<\/p>\n<p>61 Cor\u00e9ia do Sul utiliza rob\u00f4 para vigiar pres\u00eddios.<\/p>\n<p>63 Biometria faz reconhecimento a partir do formato de orelhas e maneira de caminhar.<\/p>\n<p><a title=\"Revista Seguran\u00e7a Inteligente - Ano 2 - Edi\u00e7\u00e3o 9\" href=\"http:\/\/www.patriaeditora.com.br\" target=\"_blank\">Link para revista<\/a><\/p>\n","protected":false},"excerpt":{"rendered":"<p>30 Capa Especialistas do Brasil e do exterior levam ao Congresso Internacional de Seguran\u00e7a uma an\u00e1ise em 360\u00ba da situa\u00e7\u00e3o, dos desafios e das perspectivas do setor. 12 Entidade Selma Migliori \u00e9 eleita presidente da Abese, em substitui\u00e7\u00e3o a Carlos Progianti, que conclui mandato no dia 1\u00ba de janeiro. Confira entrevista com os dois. 14 Entrevista: Carlos Progianti faz balan\u00e7o de seu mandato na presid\u00eancia da Abese. 18 Os planos&hellip; <\/p>\n","protected":false},"author":3,"featured_media":8166,"comment_status":"open","ping_status":"closed","sticky":false,"template":"","format":"standard","meta":{"footnotes":""},"categories":[104,71],"tags":[],"class_list":["post-8165","post","type-post","status-publish","format-standard","has-post-thumbnail","hentry","category-revista-seguranca-inteligente","category-periodicos-de-seguranca"],"views":318,"_links":{"self":[{"href":"https:\/\/www.bibliotecadeseguranca.com.br\/fr\/wp-json\/wp\/v2\/posts\/8165","targetHints":{"allow":["GET"]}}],"collection":[{"href":"https:\/\/www.bibliotecadeseguranca.com.br\/fr\/wp-json\/wp\/v2\/posts"}],"about":[{"href":"https:\/\/www.bibliotecadeseguranca.com.br\/fr\/wp-json\/wp\/v2\/types\/post"}],"author":[{"embeddable":true,"href":"https:\/\/www.bibliotecadeseguranca.com.br\/fr\/wp-json\/wp\/v2\/users\/3"}],"replies":[{"embeddable":true,"href":"https:\/\/www.bibliotecadeseguranca.com.br\/fr\/wp-json\/wp\/v2\/comments?post=8165"}],"version-history":[{"count":3,"href":"https:\/\/www.bibliotecadeseguranca.com.br\/fr\/wp-json\/wp\/v2\/posts\/8165\/revisions"}],"predecessor-version":[{"id":9900,"href":"https:\/\/www.bibliotecadeseguranca.com.br\/fr\/wp-json\/wp\/v2\/posts\/8165\/revisions\/9900"}],"wp:featuredmedia":[{"embeddable":true,"href":"https:\/\/www.bibliotecadeseguranca.com.br\/fr\/wp-json\/wp\/v2\/media\/8166"}],"wp:attachment":[{"href":"https:\/\/www.bibliotecadeseguranca.com.br\/fr\/wp-json\/wp\/v2\/media?parent=8165"}],"wp:term":[{"taxonomy":"category","embeddable":true,"href":"https:\/\/www.bibliotecadeseguranca.com.br\/fr\/wp-json\/wp\/v2\/categories?post=8165"},{"taxonomy":"post_tag","embeddable":true,"href":"https:\/\/www.bibliotecadeseguranca.com.br\/fr\/wp-json\/wp\/v2\/tags?post=8165"}],"curies":[{"name":"wp","href":"https:\/\/api.w.org\/{rel}","templated":true}]}}