{"id":8162,"date":"2013-05-07T08:50:42","date_gmt":"2013-05-07T11:50:42","guid":{"rendered":"http:\/\/www.bibliotecadeseguranca.com.br\/fr\/?p=8162"},"modified":"2014-02-05T23:50:25","modified_gmt":"2014-02-06T02:50:25","slug":"revista-seguranca-inteligente-ano-2-edicao-8","status":"publish","type":"post","link":"https:\/\/www.bibliotecadeseguranca.com.br\/fr\/periodicos-de-seguranca\/revista-seguranca-inteligente-ano-2-edicao-8\/","title":{"rendered":"Revista Seguran\u00e7a Inteligente &#8211; Ano 2 &#8211; Edi\u00e7\u00e3o 8"},"content":{"rendered":"<p><strong><img loading=\"lazy\" decoding=\"async\" class=\"alignleft size-full wp-image-8163\" alt=\"Revista Seguran\u00e7a Inteligente - Ano 2 - Edi\u00e7\u00e3o 8\" src=\"http:\/\/www.bibliotecadeseguranca.com.br\/fr\/wp-content\/uploads\/2013\/05\/revista-seguranca-inteligente-ano-2-edicao-8.jpg\" width=\"145\" height=\"191\" srcset=\"https:\/\/www.bibliotecadeseguranca.com.br\/fr\/wp-content\/uploads\/2013\/05\/revista-seguranca-inteligente-ano-2-edicao-8.jpg 145w, https:\/\/www.bibliotecadeseguranca.com.br\/fr\/wp-content\/uploads\/2013\/05\/revista-seguranca-inteligente-ano-2-edicao-8-113x150.jpg 113w\" sizes=\"auto, (max-width: 145px) 100vw, 145px\" \/><span style=\"color: #003366;\">18 Capa<\/span><\/strong><br \/>\nExposec chega \u00e0 15\u00aa edi\u00e7\u00e3o cumprindo um papel de destaque no setor de sistemas eletr\u00f4nicos de seguran\u00e7a.<\/p>\n<p><span style=\"color: #003366;\"><strong>12 Panorama Jur\u00eddico<\/strong><\/span><br \/>\nTexto do projeto do Estatuto da Seguran\u00e7a Privada ainda preocupa empresa de sistema eletr\u00f4nico, quase cinco anos depois do in\u00edcio das negocia\u00e7\u00f5es.<\/p>\n<p>25 Entrevista: Jos\u00e9 Roberto Sevieri, do Grupo Cipa Fiera Milano, conta a hist\u00f3ria da Exposec e fala da import\u00e2ncia da exposi\u00e7\u00e3o para as empresas.<\/p>\n<p><span style=\"color: #003366;\"><strong>30 Monitoramento<\/strong><\/span><br \/>\nSistema de an\u00e1lise de v\u00eddeo lan\u00e7ado pela Bycon promete detectar risco em situa\u00e7\u00f5es e ambientes completamente distintos em um s\u00f3 aparelho.<\/p>\n<p>33 Graber e o 24&#215;7, app para emerg\u00eancias.<\/p>\n<p>34 Sistemas de seguran\u00e7a em cabeamento, uma das tend\u00eancias reveladas na 15\u00aa Exposec.<\/p>\n<p>37 Frases.<\/p>\n<p><span style=\"color: #003366;\"><strong>38 Tecnologia<\/strong><\/span><br \/>\nAs c\u00e2meras evoluem e se diversificam puxando o avan\u00e7o tecnol\u00f3gico de v\u00e1rios segmentos.<\/p>\n<p>45 Iomega aposta na linha de solu\u00e7\u00f5es para armazenamento em rede.<\/p>\n<p>46 Artigo: &#8220;Afinidade por valores sustent\u00e1veis: ainda \u00e9 seguro ignorar isto?&#8221;, por Luiz Oliveira.<\/p>\n<p>47 Relat\u00f3rio do Senado americano aponta que o Ex\u00e9rcito dos EUA vem sendo abastecido com pe\u00e7as eletr\u00f4nicas falsificadas, a maioria fornecida pela China.<\/p>\n<p>48 Artigo: Alarmes Falsos &#8211; &#8220;Conseq\u00fc\u00eancias, causas e controle&#8221;, por M\u00e1rcio Rui Tavares.<\/p>\n<p>54 Mercado ainda aguarda o &#8220;boom&#8221; nos neg\u00f3cios por conta da Copa do Mundo no Brasil e a expectativa \u00e9 de que esta demanda venha das obras relacionadas ao entorno dos est\u00e1dios e aos servi\u00e7os p\u00fablicos.<\/p>\n<p><a title=\"Revista Seguran\u00e7a Inteligente - Ano 2 - Edi\u00e7\u00e3o 8\" href=\"http:\/\/www.patriaeditora.com.br\" target=\"_blank\">Link para revista<\/a><\/p>\n","protected":false},"excerpt":{"rendered":"<p>18 Capa Exposec chega \u00e0 15\u00aa edi\u00e7\u00e3o cumprindo um papel de destaque no setor de sistemas eletr\u00f4nicos de seguran\u00e7a. 12 Panorama Jur\u00eddico Texto do projeto do Estatuto da Seguran\u00e7a Privada ainda preocupa empresa de sistema eletr\u00f4nico, quase cinco anos depois do in\u00edcio das negocia\u00e7\u00f5es. 25 Entrevista: Jos\u00e9 Roberto Sevieri, do Grupo Cipa Fiera Milano, conta a hist\u00f3ria da Exposec e fala da import\u00e2ncia da exposi\u00e7\u00e3o para as empresas. 30 Monitoramento&hellip; <\/p>\n","protected":false},"author":3,"featured_media":8163,"comment_status":"open","ping_status":"closed","sticky":false,"template":"","format":"standard","meta":{"footnotes":""},"categories":[104,71],"tags":[],"class_list":["post-8162","post","type-post","status-publish","format-standard","has-post-thumbnail","hentry","category-revista-seguranca-inteligente","category-periodicos-de-seguranca"],"views":347,"_links":{"self":[{"href":"https:\/\/www.bibliotecadeseguranca.com.br\/fr\/wp-json\/wp\/v2\/posts\/8162","targetHints":{"allow":["GET"]}}],"collection":[{"href":"https:\/\/www.bibliotecadeseguranca.com.br\/fr\/wp-json\/wp\/v2\/posts"}],"about":[{"href":"https:\/\/www.bibliotecadeseguranca.com.br\/fr\/wp-json\/wp\/v2\/types\/post"}],"author":[{"embeddable":true,"href":"https:\/\/www.bibliotecadeseguranca.com.br\/fr\/wp-json\/wp\/v2\/users\/3"}],"replies":[{"embeddable":true,"href":"https:\/\/www.bibliotecadeseguranca.com.br\/fr\/wp-json\/wp\/v2\/comments?post=8162"}],"version-history":[{"count":4,"href":"https:\/\/www.bibliotecadeseguranca.com.br\/fr\/wp-json\/wp\/v2\/posts\/8162\/revisions"}],"predecessor-version":[{"id":9898,"href":"https:\/\/www.bibliotecadeseguranca.com.br\/fr\/wp-json\/wp\/v2\/posts\/8162\/revisions\/9898"}],"wp:featuredmedia":[{"embeddable":true,"href":"https:\/\/www.bibliotecadeseguranca.com.br\/fr\/wp-json\/wp\/v2\/media\/8163"}],"wp:attachment":[{"href":"https:\/\/www.bibliotecadeseguranca.com.br\/fr\/wp-json\/wp\/v2\/media?parent=8162"}],"wp:term":[{"taxonomy":"category","embeddable":true,"href":"https:\/\/www.bibliotecadeseguranca.com.br\/fr\/wp-json\/wp\/v2\/categories?post=8162"},{"taxonomy":"post_tag","embeddable":true,"href":"https:\/\/www.bibliotecadeseguranca.com.br\/fr\/wp-json\/wp\/v2\/tags?post=8162"}],"curies":[{"name":"wp","href":"https:\/\/api.w.org\/{rel}","templated":true}]}}