{"id":8143,"date":"2013-05-06T05:14:39","date_gmt":"2013-05-06T08:14:39","guid":{"rendered":"http:\/\/www.bibliotecadeseguranca.com.br\/fr\/?p=8143"},"modified":"2014-02-05T23:50:55","modified_gmt":"2014-02-06T02:50:55","slug":"portais-corporativos-uma-ferramenta-estrategica-para-a-gestao-do-conhecimento","status":"publish","type":"post","link":"https:\/\/www.bibliotecadeseguranca.com.br\/fr\/livros\/portais-corporativos-uma-ferramenta-estrategica-para-a-gestao-do-conhecimento\/","title":{"rendered":"Portais Corporativos: Uma Ferramenta Estrat\u00e9gica para a Gest\u00e3o do Conhecimento"},"content":{"rendered":"<p><strong><img loading=\"lazy\" decoding=\"async\" class=\"alignleft size-full wp-image-8144\" alt=\"Portais Corporativos: Uma Ferramenta Estrat\u00e9gica para a Gest\u00e3o do Conhecimento\" src=\"http:\/\/www.bibliotecadeseguranca.com.br\/fr\/wp-content\/uploads\/2013\/05\/portais-corporativos-uma-ferramenta-estrategica-para-a-gestao-do-conhecimento.jpg\" width=\"145\" height=\"208\" srcset=\"https:\/\/www.bibliotecadeseguranca.com.br\/fr\/wp-content\/uploads\/2013\/05\/portais-corporativos-uma-ferramenta-estrategica-para-a-gestao-do-conhecimento.jpg 145w, https:\/\/www.bibliotecadeseguranca.com.br\/fr\/wp-content\/uploads\/2013\/05\/portais-corporativos-uma-ferramenta-estrategica-para-a-gestao-do-conhecimento-104x150.jpg 104w\" sizes=\"auto, (max-width: 145px) 100vw, 145px\" \/><span style=\"color: #003366;\">Rog\u00e9rio Afonso de Freitas, Leslie Wittig Quintanilla, Ari dos Santos Nogueira<\/span><\/strong><\/p>\n<p><span style=\"color: #003366;\"><strong>Editor Brasport<\/strong><\/span><\/p>\n<p><span style=\"color: #003366;\"><strong>Descripci\u00f3n:<\/strong><\/span> Os Portais Corporativos surgem como uma estrat\u00e9gia de neg\u00f3cios que consolida, gerencia e distribui informa\u00e7\u00f5es interna e externamente \u00e0 organiza\u00e7\u00e3o, incluindo ferramentas de intelig\u00eancia de neg\u00f3cios (Business Inteligence), gest\u00e3o de conte\u00fado, datawarehouse e informa\u00e7\u00f5es estrat\u00e9gicas com o intuito de auxiliar na Gest\u00e3o do Conhecimento, prover acessos diferenciados para cada perfil de colaborador, otimizar a busca de informa\u00e7\u00e3o, aumentando os n\u00edveis de efici\u00eancia e de qualidade das rela\u00e7\u00f5es das organiza\u00e7\u00f5es. O objetivo deste livro \u00e9 mostrar a todos os gestores, profissionais de Tecnologia da Informa\u00e7\u00e3o ou n\u00e3o, uma vis\u00e3o geral de como os Portais est\u00e3o tecnologicamente estruturados, quais os benef\u00edcios advindos do seu uso para a Gest\u00e3o do Conhecimento e os pontos relevantes a avaliar ao escolher uma ferramenta de Portal que contemple as necessidades de Gest\u00e3o de Conhecimento de uma organiza\u00e7\u00e3o.<\/p>\n","protected":false},"excerpt":{"rendered":"<p>Rog\u00e9rio Afonso de Freitas, Leslie Wittig Quintanilla, Ari dos Santos Nogueira Editor Brasport Descripci\u00f3n: Os Portais Corporativos surgem como uma estrat\u00e9gia de neg\u00f3cios que consolida, gerencia e distribui informa\u00e7\u00f5es interna e externamente \u00e0 organiza\u00e7\u00e3o, incluindo ferramentas de intelig\u00eancia de neg\u00f3cios (Business Inteligence), gest\u00e3o de conte\u00fado, datawarehouse e informa\u00e7\u00f5es estrat\u00e9gicas com o intuito de auxiliar na Gest\u00e3o do Conhecimento, prover acessos diferenciados para cada perfil de colaborador, otimizar a busca de&hellip; <\/p>\n","protected":false},"author":3,"featured_media":8144,"comment_status":"open","ping_status":"closed","sticky":false,"template":"","format":"standard","meta":{"footnotes":""},"categories":[14,30,6,20],"tags":[],"class_list":["post-8143","post","type-post","status-publish","format-standard","has-post-thumbnail","hentry","category-administracao-e-estrategia-empresarial","category-espionagem-e-inteligencia-competitiva","category-livros","category-seguranca-da-informacao"],"views":263,"_links":{"self":[{"href":"https:\/\/www.bibliotecadeseguranca.com.br\/fr\/wp-json\/wp\/v2\/posts\/8143","targetHints":{"allow":["GET"]}}],"collection":[{"href":"https:\/\/www.bibliotecadeseguranca.com.br\/fr\/wp-json\/wp\/v2\/posts"}],"about":[{"href":"https:\/\/www.bibliotecadeseguranca.com.br\/fr\/wp-json\/wp\/v2\/types\/post"}],"author":[{"embeddable":true,"href":"https:\/\/www.bibliotecadeseguranca.com.br\/fr\/wp-json\/wp\/v2\/users\/3"}],"replies":[{"embeddable":true,"href":"https:\/\/www.bibliotecadeseguranca.com.br\/fr\/wp-json\/wp\/v2\/comments?post=8143"}],"version-history":[{"count":4,"href":"https:\/\/www.bibliotecadeseguranca.com.br\/fr\/wp-json\/wp\/v2\/posts\/8143\/revisions"}],"predecessor-version":[{"id":9894,"href":"https:\/\/www.bibliotecadeseguranca.com.br\/fr\/wp-json\/wp\/v2\/posts\/8143\/revisions\/9894"}],"wp:featuredmedia":[{"embeddable":true,"href":"https:\/\/www.bibliotecadeseguranca.com.br\/fr\/wp-json\/wp\/v2\/media\/8144"}],"wp:attachment":[{"href":"https:\/\/www.bibliotecadeseguranca.com.br\/fr\/wp-json\/wp\/v2\/media?parent=8143"}],"wp:term":[{"taxonomy":"category","embeddable":true,"href":"https:\/\/www.bibliotecadeseguranca.com.br\/fr\/wp-json\/wp\/v2\/categories?post=8143"},{"taxonomy":"post_tag","embeddable":true,"href":"https:\/\/www.bibliotecadeseguranca.com.br\/fr\/wp-json\/wp\/v2\/tags?post=8143"}],"curies":[{"name":"wp","href":"https:\/\/api.w.org\/{rel}","templated":true}]}}