{"id":8103,"date":"2013-04-29T05:06:52","date_gmt":"2013-04-29T08:06:52","guid":{"rendered":"http:\/\/www.bibliotecadeseguranca.com.br\/fr\/?p=8103"},"modified":"2014-02-05T23:54:50","modified_gmt":"2014-02-06T02:54:50","slug":"gestao-administrativa-em-seguranca-publica","status":"publish","type":"post","link":"https:\/\/www.bibliotecadeseguranca.com.br\/fr\/livros\/gestao-administrativa-em-seguranca-publica\/","title":{"rendered":"Gest\u00e3o Administrativa em Seguran\u00e7a P\u00fablica"},"content":{"rendered":"<p><strong><img loading=\"lazy\" decoding=\"async\" class=\"alignleft size-full wp-image-8104\" alt=\"Gest\u00e3o Administrativa em Seguran\u00e7a P\u00fablica\" src=\"http:\/\/www.bibliotecadeseguranca.com.br\/fr\/wp-content\/uploads\/2013\/04\/gestao-administrativa-em-seguranca-publica.jpg\" width=\"145\" height=\"221\" srcset=\"https:\/\/www.bibliotecadeseguranca.com.br\/fr\/wp-content\/uploads\/2013\/04\/gestao-administrativa-em-seguranca-publica.jpg 145w, https:\/\/www.bibliotecadeseguranca.com.br\/fr\/wp-content\/uploads\/2013\/04\/gestao-administrativa-em-seguranca-publica-98x150.jpg 98w\" sizes=\"auto, (max-width: 145px) 100vw, 145px\" \/><span style=\"color: #003366;\">Cl\u00f3vis de Oliveira J\u00fanior<\/span><\/strong><\/p>\n<p><span style=\"color: #003366;\"><strong>Editor All Print<\/strong><\/span><\/p>\n<p><span style=\"color: #003366;\"><strong>Descripci\u00f3n:<\/strong><\/span> Uma vis\u00e3o realista da seguran\u00e7a p\u00fablica no pa\u00eds, que foi sucateada ao longo das d\u00e9cadas. H\u00e1 solu\u00e7\u00e3o ou a sociedade permanecer\u00e1 cada vez mais ref\u00e9m de criminosos? Com uma linguagem simples e direta, o autor aborda o tema de modo pr\u00e1tico e apresenta algumas sugest\u00f5es.<\/p>\n","protected":false},"excerpt":{"rendered":"<p>Cl\u00f3vis de Oliveira J\u00fanior Editor All Print Descripci\u00f3n: Uma vis\u00e3o realista da seguran\u00e7a p\u00fablica no pa\u00eds, que foi sucateada ao longo das d\u00e9cadas. H\u00e1 solu\u00e7\u00e3o ou a sociedade permanecer\u00e1 cada vez mais ref\u00e9m de criminosos? Com uma linguagem simples e direta, o autor aborda o tema de modo pr\u00e1tico e apresenta algumas sugest\u00f5es.<\/p>\n","protected":false},"author":3,"featured_media":8104,"comment_status":"open","ping_status":"closed","sticky":false,"template":"","format":"standard","meta":{"footnotes":""},"categories":[6,25],"tags":[],"class_list":["post-8103","post","type-post","status-publish","format-standard","has-post-thumbnail","hentry","category-livros","category-seguranca-publica-e-defesa"],"views":444,"_links":{"self":[{"href":"https:\/\/www.bibliotecadeseguranca.com.br\/fr\/wp-json\/wp\/v2\/posts\/8103","targetHints":{"allow":["GET"]}}],"collection":[{"href":"https:\/\/www.bibliotecadeseguranca.com.br\/fr\/wp-json\/wp\/v2\/posts"}],"about":[{"href":"https:\/\/www.bibliotecadeseguranca.com.br\/fr\/wp-json\/wp\/v2\/types\/post"}],"author":[{"embeddable":true,"href":"https:\/\/www.bibliotecadeseguranca.com.br\/fr\/wp-json\/wp\/v2\/users\/3"}],"replies":[{"embeddable":true,"href":"https:\/\/www.bibliotecadeseguranca.com.br\/fr\/wp-json\/wp\/v2\/comments?post=8103"}],"version-history":[{"count":2,"href":"https:\/\/www.bibliotecadeseguranca.com.br\/fr\/wp-json\/wp\/v2\/posts\/8103\/revisions"}],"predecessor-version":[{"id":9880,"href":"https:\/\/www.bibliotecadeseguranca.com.br\/fr\/wp-json\/wp\/v2\/posts\/8103\/revisions\/9880"}],"wp:featuredmedia":[{"embeddable":true,"href":"https:\/\/www.bibliotecadeseguranca.com.br\/fr\/wp-json\/wp\/v2\/media\/8104"}],"wp:attachment":[{"href":"https:\/\/www.bibliotecadeseguranca.com.br\/fr\/wp-json\/wp\/v2\/media?parent=8103"}],"wp:term":[{"taxonomy":"category","embeddable":true,"href":"https:\/\/www.bibliotecadeseguranca.com.br\/fr\/wp-json\/wp\/v2\/categories?post=8103"},{"taxonomy":"post_tag","embeddable":true,"href":"https:\/\/www.bibliotecadeseguranca.com.br\/fr\/wp-json\/wp\/v2\/tags?post=8103"}],"curies":[{"name":"wp","href":"https:\/\/api.w.org\/{rel}","templated":true}]}}