{"id":8096,"date":"2013-04-29T05:03:25","date_gmt":"2013-04-29T08:03:25","guid":{"rendered":"http:\/\/www.bibliotecadeseguranca.com.br\/fr\/?p=8096"},"modified":"2014-02-05T23:54:56","modified_gmt":"2014-02-06T02:54:56","slug":"integracao-da-seguranca-publica-e-privada","status":"publish","type":"post","link":"https:\/\/www.bibliotecadeseguranca.com.br\/fr\/videos\/integracao-da-seguranca-publica-e-privada\/","title":{"rendered":"Integra\u00e7\u00e3o da Seguran\u00e7a P\u00fablica e Privada"},"content":{"rendered":"<p><strong><img loading=\"lazy\" decoding=\"async\" class=\"alignleft size-full wp-image-8097\" alt=\"Integra\u00e7\u00e3o da Seguran\u00e7a P\u00fablica e Privada\" src=\"http:\/\/www.bibliotecadeseguranca.com.br\/fr\/wp-content\/uploads\/2013\/04\/integracao-da-seguranca-publica-e-privada.jpg\" width=\"145\" height=\"194\" srcset=\"https:\/\/www.bibliotecadeseguranca.com.br\/fr\/wp-content\/uploads\/2013\/04\/integracao-da-seguranca-publica-e-privada.jpg 145w, https:\/\/www.bibliotecadeseguranca.com.br\/fr\/wp-content\/uploads\/2013\/04\/integracao-da-seguranca-publica-e-privada-112x150.jpg 112w\" sizes=\"auto, (max-width: 145px) 100vw, 145px\" \/><span style=\"color: #003366;\">Pl\u00e1cido Ladercio Soares<\/span><\/strong><\/p>\n<p><span style=\"color: #003366;\"><strong>Editor Jornal da Seguran\u00e7a<\/strong><\/span><\/p>\n<p><span style=\"color: #003366;\"><strong>Descripci\u00f3n:<\/strong><\/span> No exerc\u00edcio de suas fun\u00e7\u00f5es, o profissional de seguran\u00e7a privado, muito provavelmente, ter\u00e1 que manter contatos com as organiza\u00e7\u00f5es policiais existentes em sua \u00e1rea de atua\u00e7\u00e3o. Por outro lado, tamb\u00e9m podera ser intimado a prestar depoimento ou declara\u00e7\u00f5es a pol\u00edcia ou mesmo em ju\u00edzo, no caso de um processo criminal. Por isso, \u00e9 muito importante que ele tenha conhecimentos b\u00e1sicos sobre o funcionamento do sistema policial brasileiro, bem como orienta\u00e7\u00f5es sobre quando e como acionar os org\u00e3os de seguran\u00e7a p\u00fablica.<\/p>\n","protected":false},"excerpt":{"rendered":"<p>Pl\u00e1cido Ladercio Soares Editor Jornal da Seguran\u00e7a Descripci\u00f3n: No exerc\u00edcio de suas fun\u00e7\u00f5es, o profissional de seguran\u00e7a privado, muito provavelmente, ter\u00e1 que manter contatos com as organiza\u00e7\u00f5es policiais existentes em sua \u00e1rea de atua\u00e7\u00e3o. Por outro lado, tamb\u00e9m podera ser intimado a prestar depoimento ou declara\u00e7\u00f5es a pol\u00edcia ou mesmo em ju\u00edzo, no caso de um processo criminal. Por isso, \u00e9 muito importante que ele tenha conhecimentos b\u00e1sicos sobre o&hellip; <\/p>\n","protected":false},"author":3,"featured_media":8097,"comment_status":"open","ping_status":"closed","sticky":false,"template":"","format":"standard","meta":{"footnotes":""},"categories":[61,98,101,28],"tags":[],"class_list":["post-8096","post","type-post","status-publish","format-standard","has-post-thumbnail","hentry","category-dvd","category-seguranca-patrimonial-e-privada-videos","category-seguranca-publica-videos","category-videos"],"views":362,"_links":{"self":[{"href":"https:\/\/www.bibliotecadeseguranca.com.br\/fr\/wp-json\/wp\/v2\/posts\/8096","targetHints":{"allow":["GET"]}}],"collection":[{"href":"https:\/\/www.bibliotecadeseguranca.com.br\/fr\/wp-json\/wp\/v2\/posts"}],"about":[{"href":"https:\/\/www.bibliotecadeseguranca.com.br\/fr\/wp-json\/wp\/v2\/types\/post"}],"author":[{"embeddable":true,"href":"https:\/\/www.bibliotecadeseguranca.com.br\/fr\/wp-json\/wp\/v2\/users\/3"}],"replies":[{"embeddable":true,"href":"https:\/\/www.bibliotecadeseguranca.com.br\/fr\/wp-json\/wp\/v2\/comments?post=8096"}],"version-history":[{"count":5,"href":"https:\/\/www.bibliotecadeseguranca.com.br\/fr\/wp-json\/wp\/v2\/posts\/8096\/revisions"}],"predecessor-version":[{"id":9877,"href":"https:\/\/www.bibliotecadeseguranca.com.br\/fr\/wp-json\/wp\/v2\/posts\/8096\/revisions\/9877"}],"wp:featuredmedia":[{"embeddable":true,"href":"https:\/\/www.bibliotecadeseguranca.com.br\/fr\/wp-json\/wp\/v2\/media\/8097"}],"wp:attachment":[{"href":"https:\/\/www.bibliotecadeseguranca.com.br\/fr\/wp-json\/wp\/v2\/media?parent=8096"}],"wp:term":[{"taxonomy":"category","embeddable":true,"href":"https:\/\/www.bibliotecadeseguranca.com.br\/fr\/wp-json\/wp\/v2\/categories?post=8096"},{"taxonomy":"post_tag","embeddable":true,"href":"https:\/\/www.bibliotecadeseguranca.com.br\/fr\/wp-json\/wp\/v2\/tags?post=8096"}],"curies":[{"name":"wp","href":"https:\/\/api.w.org\/{rel}","templated":true}]}}